{"id":997,"date":"2013-05-02T15:48:43","date_gmt":"2013-05-02T14:48:43","guid":{"rendered":"http:\/\/www.avocat-bonnet.fr\/lesite\/?p=997"},"modified":"2013-05-02T15:48:43","modified_gmt":"2013-05-02T14:48:43","slug":"droit-du-travail-illeceite-de-levaluation-par-ranking-par-quotas","status":"publish","type":"post","link":"https:\/\/www.avocat-bonnet.fr\/lyon-villeurbanne\/droit-du-travail-illeceite-de-levaluation-par-ranking-par-quotas\/","title":{"rendered":"DROIT DU TRAVAIL : ill\u00e9c\u00e9it\u00e9 de l&rsquo;\u00e9valuation par \u00ab\u00a0ranking par quotas\u00a0\u00bb"},"content":{"rendered":"<p>Il est reconnu \u00e0 l&#8217;employeur, au titre de ses pouvoirs de direction de l&rsquo;entreprise, le droit d&rsquo;\u00e9valuer ses salari\u00e9s, y compris par \u00ab\u00a0ranking\u00a0\u00bb, c&rsquo;est \u00e0 dire en classant les salari\u00e9s dans diff\u00e9rentes cat\u00e9gories en fonction de leurs performances professionnelles, dans la mesure o\u00f9 ce classement est fait \u00e0 partir de <em>\u00ab\u00a0crit\u00e8res objectifs et transparents\u00a0\u00bb<\/em>.<br \/>\nApprouvant la cour d&rsquo;appel de Versailles, la Cour de cassation a en revanche prohib\u00e9 le ranking <em>\u00ab\u00a0par quotas\u00a0\u00bb<\/em> ou <em>\u00ab\u00a0forc\u00e9\u00a0\u00bb<\/em>, lequel consiste \u00e0 imposer \u00e0 l&rsquo;\u00e9valuateur de respecter un certain pourcentage de salari\u00e9s pour chacune des cat\u00e9gories du classement.<br \/>\nCet arr\u00eat est protecteur des droits des salari\u00e9s, puisque cette m\u00e9thode peut aboutir \u00e0 ce que des salari\u00e9s, bien qu&rsquo;ayant rempli leurs objectifs et donn\u00e9 satisfaction, se voient class\u00e9s dans la moins bonne des cat\u00e9gories, avec les \u00e9ventuelles sanction en terme de r\u00e9mun\u00e9ration ou de carri\u00e8re qui peuvent aller avec. <strong><em>Cass. soc., 27 mars 2013, n\u00b0<\/em> 11-26-539<\/strong><\/p>\n<p>Nicolas Bonnet, avocat au barreau de Lyon<\/p>\n","protected":false},"excerpt":{"rendered":"<p>Il est reconnu \u00e0 l&#8217;employeur, au titre de ses pouvoirs de direction de l&rsquo;entreprise, le droit d&rsquo;\u00e9valuer ses salari\u00e9s, y compris par \u00ab\u00a0ranking\u00a0\u00bb, c&rsquo;est \u00e0 dire en classant les salari\u00e9s dans diff\u00e9rentes cat\u00e9gories en fonction de leurs performances professionnelles, dans la mesure o\u00f9 ce classement est fait \u00e0 partir de \u00ab\u00a0crit\u00e8res objectifs et transparents\u00a0\u00bb. Approuvant [&hellip;]<\/p>\n","protected":false},"author":4,"featured_media":1562,"comment_status":"open","ping_status":"open","sticky":false,"template":"","format":"standard","meta":{"_et_pb_use_builder":"","_et_pb_old_content":"","_et_gb_content_width":"","footnotes":""},"categories":[4],"tags":[9,20,26],"yoast_head":"<!-- This site is optimized with the Yoast SEO plugin v22.3 - https:\/\/yoast.com\/wordpress\/plugins\/seo\/ -->\n<title>DROIT DU TRAVAIL : ill\u00e9c\u00e9it\u00e9 de l&#039;\u00e9valuation par &quot;ranking par quotas&quot; - Nicolas Bonnet - Avocat Lyon et Villeurbanne, divorce, droit m\u00e9dical, travail, litiges de la consommation...<\/title>\n<meta name=\"robots\" content=\"index, follow, max-snippet:-1, max-image-preview:large, max-video-preview:-1\" \/>\n<link rel=\"canonical\" href=\"https:\/\/www.avocat-bonnet.fr\/lyon-villeurbanne\/droit-du-travail-illeceite-de-levaluation-par-ranking-par-quotas\/\" \/>\n<meta property=\"og:locale\" content=\"fr_FR\" \/>\n<meta property=\"og:type\" content=\"article\" \/>\n<meta property=\"og:title\" content=\"DROIT DU TRAVAIL : ill\u00e9c\u00e9it\u00e9 de l&#039;\u00e9valuation par &quot;ranking par quotas&quot; - Nicolas Bonnet - Avocat Lyon et Villeurbanne, divorce, droit m\u00e9dical, travail, litiges de la consommation...\" \/>\n<meta property=\"og:description\" content=\"Il est reconnu \u00e0 l&#8217;employeur, au titre de ses pouvoirs de direction de l&rsquo;entreprise, le droit d&rsquo;\u00e9valuer ses salari\u00e9s, y compris par \u00ab\u00a0ranking\u00a0\u00bb, c&rsquo;est \u00e0 dire en classant les salari\u00e9s dans diff\u00e9rentes cat\u00e9gories en fonction de leurs performances professionnelles, dans la mesure o\u00f9 ce classement est fait \u00e0 partir de \u00ab\u00a0crit\u00e8res objectifs et transparents\u00a0\u00bb. Approuvant [&hellip;]\" \/>\n<meta property=\"og:url\" content=\"https:\/\/www.avocat-bonnet.fr\/lyon-villeurbanne\/droit-du-travail-illeceite-de-levaluation-par-ranking-par-quotas\/\" \/>\n<meta property=\"og:site_name\" content=\"Nicolas Bonnet - Avocat Lyon et Villeurbanne, divorce, droit m\u00e9dical, travail, litiges de la consommation...\" \/>\n<meta property=\"article:published_time\" content=\"2013-05-02T14:48:43+00:00\" \/>\n<meta property=\"og:image\" content=\"https:\/\/www.avocat-bonnet.fr\/lyon-villeurbanne\/wp-content\/uploads\/2018\/06\/Defaut-image.jpg\" \/>\n\t<meta property=\"og:image:width\" content=\"300\" \/>\n\t<meta property=\"og:image:height\" content=\"200\" \/>\n\t<meta property=\"og:image:type\" content=\"image\/jpeg\" \/>\n<meta name=\"author\" content=\"Nicolas Bonnet\" \/>\n<meta name=\"twitter:card\" content=\"summary_large_image\" \/>\n<meta name=\"twitter:label1\" content=\"\u00c9crit par\" \/>\n\t<meta name=\"twitter:data1\" content=\"Nicolas Bonnet\" \/>\n\t<meta name=\"twitter:label2\" content=\"Dur\u00e9e de lecture estim\u00e9e\" \/>\n\t<meta name=\"twitter:data2\" content=\"1 minute\" \/>\n<script type=\"application\/ld+json\" class=\"yoast-schema-graph\">{\"@context\":\"https:\/\/schema.org\",\"@graph\":[{\"@type\":\"Article\",\"@id\":\"https:\/\/www.avocat-bonnet.fr\/lyon-villeurbanne\/droit-du-travail-illeceite-de-levaluation-par-ranking-par-quotas\/#article\",\"isPartOf\":{\"@id\":\"https:\/\/www.avocat-bonnet.fr\/lyon-villeurbanne\/droit-du-travail-illeceite-de-levaluation-par-ranking-par-quotas\/\"},\"author\":{\"name\":\"Nicolas Bonnet\",\"@id\":\"https:\/\/www.avocat-bonnet.fr\/lyon-villeurbanne\/#\/schema\/person\/53ccc962871a33e31889adc918b8794d\"},\"headline\":\"DROIT DU TRAVAIL : ill\u00e9c\u00e9it\u00e9 de l&rsquo;\u00e9valuation par \u00ab\u00a0ranking par quotas\u00a0\u00bb\",\"datePublished\":\"2013-05-02T14:48:43+00:00\",\"dateModified\":\"2013-05-02T14:48:43+00:00\",\"mainEntityOfPage\":{\"@id\":\"https:\/\/www.avocat-bonnet.fr\/lyon-villeurbanne\/droit-du-travail-illeceite-de-levaluation-par-ranking-par-quotas\/\"},\"wordCount\":186,\"commentCount\":0,\"publisher\":{\"@id\":\"https:\/\/www.avocat-bonnet.fr\/lyon-villeurbanne\/#\/schema\/person\/53ccc962871a33e31889adc918b8794d\"},\"image\":{\"@id\":\"https:\/\/www.avocat-bonnet.fr\/lyon-villeurbanne\/droit-du-travail-illeceite-de-levaluation-par-ranking-par-quotas\/#primaryimage\"},\"thumbnailUrl\":\"https:\/\/www.avocat-bonnet.fr\/lyon-villeurbanne\/wp-content\/uploads\/2018\/06\/Defaut-image.jpg\",\"keywords\":[\"avocat Lyon\",\"droit du travail\",\"licenciement\"],\"articleSection\":[\"Les avocats\"],\"inLanguage\":\"fr-FR\",\"potentialAction\":[{\"@type\":\"CommentAction\",\"name\":\"Comment\",\"target\":[\"https:\/\/www.avocat-bonnet.fr\/lyon-villeurbanne\/droit-du-travail-illeceite-de-levaluation-par-ranking-par-quotas\/#respond\"]}]},{\"@type\":\"WebPage\",\"@id\":\"https:\/\/www.avocat-bonnet.fr\/lyon-villeurbanne\/droit-du-travail-illeceite-de-levaluation-par-ranking-par-quotas\/\",\"url\":\"https:\/\/www.avocat-bonnet.fr\/lyon-villeurbanne\/droit-du-travail-illeceite-de-levaluation-par-ranking-par-quotas\/\",\"name\":\"DROIT DU TRAVAIL : ill\u00e9c\u00e9it\u00e9 de l'\u00e9valuation par \\\"ranking par quotas\\\" - Nicolas Bonnet - Avocat Lyon et Villeurbanne, divorce, droit m\u00e9dical, travail, litiges de la consommation...\",\"isPartOf\":{\"@id\":\"https:\/\/www.avocat-bonnet.fr\/lyon-villeurbanne\/#website\"},\"primaryImageOfPage\":{\"@id\":\"https:\/\/www.avocat-bonnet.fr\/lyon-villeurbanne\/droit-du-travail-illeceite-de-levaluation-par-ranking-par-quotas\/#primaryimage\"},\"image\":{\"@id\":\"https:\/\/www.avocat-bonnet.fr\/lyon-villeurbanne\/droit-du-travail-illeceite-de-levaluation-par-ranking-par-quotas\/#primaryimage\"},\"thumbnailUrl\":\"https:\/\/www.avocat-bonnet.fr\/lyon-villeurbanne\/wp-content\/uploads\/2018\/06\/Defaut-image.jpg\",\"datePublished\":\"2013-05-02T14:48:43+00:00\",\"dateModified\":\"2013-05-02T14:48:43+00:00\",\"breadcrumb\":{\"@id\":\"https:\/\/www.avocat-bonnet.fr\/lyon-villeurbanne\/droit-du-travail-illeceite-de-levaluation-par-ranking-par-quotas\/#breadcrumb\"},\"inLanguage\":\"fr-FR\",\"potentialAction\":[{\"@type\":\"ReadAction\",\"target\":[\"https:\/\/www.avocat-bonnet.fr\/lyon-villeurbanne\/droit-du-travail-illeceite-de-levaluation-par-ranking-par-quotas\/\"]}]},{\"@type\":\"ImageObject\",\"inLanguage\":\"fr-FR\",\"@id\":\"https:\/\/www.avocat-bonnet.fr\/lyon-villeurbanne\/droit-du-travail-illeceite-de-levaluation-par-ranking-par-quotas\/#primaryimage\",\"url\":\"https:\/\/www.avocat-bonnet.fr\/lyon-villeurbanne\/wp-content\/uploads\/2018\/06\/Defaut-image.jpg\",\"contentUrl\":\"https:\/\/www.avocat-bonnet.fr\/lyon-villeurbanne\/wp-content\/uploads\/2018\/06\/Defaut-image.jpg\",\"width\":300,\"height\":200},{\"@type\":\"BreadcrumbList\",\"@id\":\"https:\/\/www.avocat-bonnet.fr\/lyon-villeurbanne\/droit-du-travail-illeceite-de-levaluation-par-ranking-par-quotas\/#breadcrumb\",\"itemListElement\":[{\"@type\":\"ListItem\",\"position\":1,\"name\":\"Accueil\",\"item\":\"https:\/\/www.avocat-bonnet.fr\/lyon-villeurbanne\/\"},{\"@type\":\"ListItem\",\"position\":2,\"name\":\"DROIT DU TRAVAIL : ill\u00e9c\u00e9it\u00e9 de l&rsquo;\u00e9valuation par \u00ab\u00a0ranking par quotas\u00a0\u00bb\"}]},{\"@type\":\"WebSite\",\"@id\":\"https:\/\/www.avocat-bonnet.fr\/lyon-villeurbanne\/#website\",\"url\":\"https:\/\/www.avocat-bonnet.fr\/lyon-villeurbanne\/\",\"name\":\"Nicolas Bonnet - Avocat Lyon et Villeurbanne, divorce, droit m\u00e9dical, travail, litiges de la consommation...\",\"description\":\"Un cabinet d&#039;avocat d\u00e9di\u00e9 au droit des particuliers, commer\u00e7ants et petites entreprises...\",\"publisher\":{\"@id\":\"https:\/\/www.avocat-bonnet.fr\/lyon-villeurbanne\/#\/schema\/person\/53ccc962871a33e31889adc918b8794d\"},\"potentialAction\":[{\"@type\":\"SearchAction\",\"target\":{\"@type\":\"EntryPoint\",\"urlTemplate\":\"https:\/\/www.avocat-bonnet.fr\/lyon-villeurbanne\/?s={search_term_string}\"},\"query-input\":\"required name=search_term_string\"}],\"inLanguage\":\"fr-FR\"},{\"@type\":[\"Person\",\"Organization\"],\"@id\":\"https:\/\/www.avocat-bonnet.fr\/lyon-villeurbanne\/#\/schema\/person\/53ccc962871a33e31889adc918b8794d\",\"name\":\"Nicolas Bonnet\",\"logo\":{\"@id\":\"https:\/\/www.avocat-bonnet.fr\/lyon-villeurbanne\/#\/schema\/person\/image\/\"},\"url\":\"https:\/\/www.avocat-bonnet.fr\/lyon-villeurbanne\/author\/nbonnet\/\"}]}<\/script>\n<!-- \/ Yoast SEO plugin. -->","yoast_head_json":{"title":"DROIT DU TRAVAIL : ill\u00e9c\u00e9it\u00e9 de l'\u00e9valuation par \"ranking par quotas\" - Nicolas Bonnet - Avocat Lyon et Villeurbanne, divorce, droit m\u00e9dical, travail, litiges de la consommation...","robots":{"index":"index","follow":"follow","max-snippet":"max-snippet:-1","max-image-preview":"max-image-preview:large","max-video-preview":"max-video-preview:-1"},"canonical":"https:\/\/www.avocat-bonnet.fr\/lyon-villeurbanne\/droit-du-travail-illeceite-de-levaluation-par-ranking-par-quotas\/","og_locale":"fr_FR","og_type":"article","og_title":"DROIT DU TRAVAIL : ill\u00e9c\u00e9it\u00e9 de l'\u00e9valuation par \"ranking par quotas\" - Nicolas Bonnet - Avocat Lyon et Villeurbanne, divorce, droit m\u00e9dical, travail, litiges de la consommation...","og_description":"Il est reconnu \u00e0 l&#8217;employeur, au titre de ses pouvoirs de direction de l&rsquo;entreprise, le droit d&rsquo;\u00e9valuer ses salari\u00e9s, y compris par \u00ab\u00a0ranking\u00a0\u00bb, c&rsquo;est \u00e0 dire en classant les salari\u00e9s dans diff\u00e9rentes cat\u00e9gories en fonction de leurs performances professionnelles, dans la mesure o\u00f9 ce classement est fait \u00e0 partir de \u00ab\u00a0crit\u00e8res objectifs et transparents\u00a0\u00bb. Approuvant [&hellip;]","og_url":"https:\/\/www.avocat-bonnet.fr\/lyon-villeurbanne\/droit-du-travail-illeceite-de-levaluation-par-ranking-par-quotas\/","og_site_name":"Nicolas Bonnet - Avocat Lyon et Villeurbanne, divorce, droit m\u00e9dical, travail, litiges de la consommation...","article_published_time":"2013-05-02T14:48:43+00:00","og_image":[{"width":300,"height":200,"url":"https:\/\/www.avocat-bonnet.fr\/lyon-villeurbanne\/wp-content\/uploads\/2018\/06\/Defaut-image.jpg","type":"image\/jpeg"}],"author":"Nicolas Bonnet","twitter_card":"summary_large_image","twitter_misc":{"\u00c9crit par":"Nicolas Bonnet","Dur\u00e9e de lecture estim\u00e9e":"1 minute"},"schema":{"@context":"https:\/\/schema.org","@graph":[{"@type":"Article","@id":"https:\/\/www.avocat-bonnet.fr\/lyon-villeurbanne\/droit-du-travail-illeceite-de-levaluation-par-ranking-par-quotas\/#article","isPartOf":{"@id":"https:\/\/www.avocat-bonnet.fr\/lyon-villeurbanne\/droit-du-travail-illeceite-de-levaluation-par-ranking-par-quotas\/"},"author":{"name":"Nicolas Bonnet","@id":"https:\/\/www.avocat-bonnet.fr\/lyon-villeurbanne\/#\/schema\/person\/53ccc962871a33e31889adc918b8794d"},"headline":"DROIT DU TRAVAIL : ill\u00e9c\u00e9it\u00e9 de l&rsquo;\u00e9valuation par \u00ab\u00a0ranking par quotas\u00a0\u00bb","datePublished":"2013-05-02T14:48:43+00:00","dateModified":"2013-05-02T14:48:43+00:00","mainEntityOfPage":{"@id":"https:\/\/www.avocat-bonnet.fr\/lyon-villeurbanne\/droit-du-travail-illeceite-de-levaluation-par-ranking-par-quotas\/"},"wordCount":186,"commentCount":0,"publisher":{"@id":"https:\/\/www.avocat-bonnet.fr\/lyon-villeurbanne\/#\/schema\/person\/53ccc962871a33e31889adc918b8794d"},"image":{"@id":"https:\/\/www.avocat-bonnet.fr\/lyon-villeurbanne\/droit-du-travail-illeceite-de-levaluation-par-ranking-par-quotas\/#primaryimage"},"thumbnailUrl":"https:\/\/www.avocat-bonnet.fr\/lyon-villeurbanne\/wp-content\/uploads\/2018\/06\/Defaut-image.jpg","keywords":["avocat Lyon","droit du travail","licenciement"],"articleSection":["Les avocats"],"inLanguage":"fr-FR","potentialAction":[{"@type":"CommentAction","name":"Comment","target":["https:\/\/www.avocat-bonnet.fr\/lyon-villeurbanne\/droit-du-travail-illeceite-de-levaluation-par-ranking-par-quotas\/#respond"]}]},{"@type":"WebPage","@id":"https:\/\/www.avocat-bonnet.fr\/lyon-villeurbanne\/droit-du-travail-illeceite-de-levaluation-par-ranking-par-quotas\/","url":"https:\/\/www.avocat-bonnet.fr\/lyon-villeurbanne\/droit-du-travail-illeceite-de-levaluation-par-ranking-par-quotas\/","name":"DROIT DU TRAVAIL : ill\u00e9c\u00e9it\u00e9 de l'\u00e9valuation par \"ranking par quotas\" - Nicolas Bonnet - Avocat Lyon et Villeurbanne, divorce, droit m\u00e9dical, travail, litiges de la consommation...","isPartOf":{"@id":"https:\/\/www.avocat-bonnet.fr\/lyon-villeurbanne\/#website"},"primaryImageOfPage":{"@id":"https:\/\/www.avocat-bonnet.fr\/lyon-villeurbanne\/droit-du-travail-illeceite-de-levaluation-par-ranking-par-quotas\/#primaryimage"},"image":{"@id":"https:\/\/www.avocat-bonnet.fr\/lyon-villeurbanne\/droit-du-travail-illeceite-de-levaluation-par-ranking-par-quotas\/#primaryimage"},"thumbnailUrl":"https:\/\/www.avocat-bonnet.fr\/lyon-villeurbanne\/wp-content\/uploads\/2018\/06\/Defaut-image.jpg","datePublished":"2013-05-02T14:48:43+00:00","dateModified":"2013-05-02T14:48:43+00:00","breadcrumb":{"@id":"https:\/\/www.avocat-bonnet.fr\/lyon-villeurbanne\/droit-du-travail-illeceite-de-levaluation-par-ranking-par-quotas\/#breadcrumb"},"inLanguage":"fr-FR","potentialAction":[{"@type":"ReadAction","target":["https:\/\/www.avocat-bonnet.fr\/lyon-villeurbanne\/droit-du-travail-illeceite-de-levaluation-par-ranking-par-quotas\/"]}]},{"@type":"ImageObject","inLanguage":"fr-FR","@id":"https:\/\/www.avocat-bonnet.fr\/lyon-villeurbanne\/droit-du-travail-illeceite-de-levaluation-par-ranking-par-quotas\/#primaryimage","url":"https:\/\/www.avocat-bonnet.fr\/lyon-villeurbanne\/wp-content\/uploads\/2018\/06\/Defaut-image.jpg","contentUrl":"https:\/\/www.avocat-bonnet.fr\/lyon-villeurbanne\/wp-content\/uploads\/2018\/06\/Defaut-image.jpg","width":300,"height":200},{"@type":"BreadcrumbList","@id":"https:\/\/www.avocat-bonnet.fr\/lyon-villeurbanne\/droit-du-travail-illeceite-de-levaluation-par-ranking-par-quotas\/#breadcrumb","itemListElement":[{"@type":"ListItem","position":1,"name":"Accueil","item":"https:\/\/www.avocat-bonnet.fr\/lyon-villeurbanne\/"},{"@type":"ListItem","position":2,"name":"DROIT DU TRAVAIL : ill\u00e9c\u00e9it\u00e9 de l&rsquo;\u00e9valuation par \u00ab\u00a0ranking par quotas\u00a0\u00bb"}]},{"@type":"WebSite","@id":"https:\/\/www.avocat-bonnet.fr\/lyon-villeurbanne\/#website","url":"https:\/\/www.avocat-bonnet.fr\/lyon-villeurbanne\/","name":"Nicolas Bonnet - Avocat Lyon et Villeurbanne, divorce, droit m\u00e9dical, travail, litiges de la consommation...","description":"Un cabinet d&#039;avocat d\u00e9di\u00e9 au droit des particuliers, commer\u00e7ants et petites entreprises...","publisher":{"@id":"https:\/\/www.avocat-bonnet.fr\/lyon-villeurbanne\/#\/schema\/person\/53ccc962871a33e31889adc918b8794d"},"potentialAction":[{"@type":"SearchAction","target":{"@type":"EntryPoint","urlTemplate":"https:\/\/www.avocat-bonnet.fr\/lyon-villeurbanne\/?s={search_term_string}"},"query-input":"required name=search_term_string"}],"inLanguage":"fr-FR"},{"@type":["Person","Organization"],"@id":"https:\/\/www.avocat-bonnet.fr\/lyon-villeurbanne\/#\/schema\/person\/53ccc962871a33e31889adc918b8794d","name":"Nicolas Bonnet","logo":{"@id":"https:\/\/www.avocat-bonnet.fr\/lyon-villeurbanne\/#\/schema\/person\/image\/"},"url":"https:\/\/www.avocat-bonnet.fr\/lyon-villeurbanne\/author\/nbonnet\/"}]}},"_links":{"self":[{"href":"https:\/\/www.avocat-bonnet.fr\/lyon-villeurbanne\/wp-json\/wp\/v2\/posts\/997"}],"collection":[{"href":"https:\/\/www.avocat-bonnet.fr\/lyon-villeurbanne\/wp-json\/wp\/v2\/posts"}],"about":[{"href":"https:\/\/www.avocat-bonnet.fr\/lyon-villeurbanne\/wp-json\/wp\/v2\/types\/post"}],"author":[{"embeddable":true,"href":"https:\/\/www.avocat-bonnet.fr\/lyon-villeurbanne\/wp-json\/wp\/v2\/users\/4"}],"replies":[{"embeddable":true,"href":"https:\/\/www.avocat-bonnet.fr\/lyon-villeurbanne\/wp-json\/wp\/v2\/comments?post=997"}],"version-history":[{"count":0,"href":"https:\/\/www.avocat-bonnet.fr\/lyon-villeurbanne\/wp-json\/wp\/v2\/posts\/997\/revisions"}],"wp:featuredmedia":[{"embeddable":true,"href":"https:\/\/www.avocat-bonnet.fr\/lyon-villeurbanne\/wp-json\/wp\/v2\/media\/1562"}],"wp:attachment":[{"href":"https:\/\/www.avocat-bonnet.fr\/lyon-villeurbanne\/wp-json\/wp\/v2\/media?parent=997"}],"wp:term":[{"taxonomy":"category","embeddable":true,"href":"https:\/\/www.avocat-bonnet.fr\/lyon-villeurbanne\/wp-json\/wp\/v2\/categories?post=997"},{"taxonomy":"post_tag","embeddable":true,"href":"https:\/\/www.avocat-bonnet.fr\/lyon-villeurbanne\/wp-json\/wp\/v2\/tags?post=997"}],"curies":[{"name":"wp","href":"https:\/\/api.w.org\/{rel}","templated":true}]}}