{"id":784,"date":"2013-01-21T17:50:09","date_gmt":"2013-01-21T16:50:09","guid":{"rendered":"http:\/\/www.avocat-bonnet.fr\/lesite\/?p=784"},"modified":"2013-01-21T17:50:09","modified_gmt":"2013-01-21T16:50:09","slug":"droit-medical-letendue-de-lobligation-de-soins-du-medecin","status":"publish","type":"post","link":"https:\/\/www.avocat-bonnet.fr\/lyon-villeurbanne\/droit-medical-letendue-de-lobligation-de-soins-du-medecin\/","title":{"rendered":"DROIT MEDICAL : l\u2019\u00e9tendue de l\u2019obligation de soins du m\u00e9decin"},"content":{"rendered":"<p>L\u2019obligation de soins qui p\u00e8se sur le m\u00e9decin ne s\u2019arr\u00eate pas \u00e0 donner ponctuellement \u00e0 son patient des soins \u00ab\u00a0consciencieux, attentifs et conformes aux donn\u00e9es acquise de la science\u00a0\u00bb \u00e0 l\u2019occasion d\u2019un acte.<br \/>\nLa Cour de cassation a r\u00e9cemment pr\u00e9cis\u00e9 que cette obligation s\u2019\u00e9tend d\u2019une part \u00e0 l\u2019obligation de surveiller le patient, et d\u2019autre part \u00e0 celle d\u2019assurer la continuit\u00e9 des soins, en particulier en cas d\u2019urgence.<br \/>\nAinsi, un patient, atteint de diab\u00e8te et par ailleurs suivi de longue date par un ophtalmologiste, ne consultait cet ophtalmologiste qu\u2019irr\u00e9guli\u00e8rement \u2013 moins d\u2019une fois par an comme pr\u00e9conis\u00e9 -, si bien qu\u2019il a d\u00e9velopp\u00e9 une r\u00e9tinopathie li\u00e9e au diab\u00e8te, risque courant que l\u2019ophtalmologiste ne pouvait ignorer. Alors qu\u2019en principe la n\u00e9gligence du patient dans le suivi de son traitement est une cause totalement ou partiellement exon\u00e9ratoire de la <a title=\"le droit m\u00e9dical\" href=\"http:\/\/www.avocat-bonnet.fr\/lesite\/le-droit-medical\/\">responsabilit\u00e9 du m\u00e9decin<\/a>, la Cour de cassation a consid\u00e9r\u00e9 que la n\u00e9gligence connue du patient cr\u00e9ait \u00e0 l\u2019\u00e9gard du m\u00e9decin une <strong>obligation de surveillance renforc\u00e9e<\/strong> \u00a0de l\u2019\u00e9volution de l\u2019\u00e9tat de son patient et du suivi de son traitement, dont le manquement engage de plus fort sa responsabilit\u00e9 m\u00e9dicale\u00a0; le praticien aurait d\u00fb inviter son patient \u00e0 consulter plus r\u00e9guli\u00e8rement, en l\u2019informant des risques de complications pr\u00e9visibles du fait de son diab\u00e8te.<br \/>\nA fortiori, le m\u00e9decin, sollicit\u00e9 par le patient qui l\u2019informe de l\u2019apparition de troubles nouveaux \u2013 en l\u2019esp\u00e8ce visuels, ne peut-il, sous pr\u00e9texte de surcharge de son cabinet, diff\u00e9rer de mani\u00e8re lointaine une visite sans prendre la pr\u00e9caution soit de proposer \u00e0 son patient un rendez-vous r\u00e9serv\u00e9 pour les cas d\u2019urgence, soit de l\u2019orienter vers un confr\u00e8re auquel il transmet les informations n\u00e9cessaires \u00e0 la poursuite des soins. Au titre <strong>l\u2019obligation de continuit\u00e9 des soins<\/strong>, si le retard de soins est pr\u00e9judiciable au patient, le m\u00e9decin doit r\u00e9pondre de son manquement. <strong><em>Cass. Civ. 1<sup>\u00e8re<\/sup>, 6 octobre 2011, n\u00b0 10-21212<\/em><\/strong>.<br \/>\nMa\u00eetre Nicolas Bonnet, avocat au barreau de Lyon<\/p>\n","protected":false},"excerpt":{"rendered":"<p>L\u2019obligation de soins qui p\u00e8se sur le m\u00e9decin ne s\u2019arr\u00eate pas \u00e0 donner ponctuellement \u00e0 son patient des soins \u00ab\u00a0consciencieux, attentifs et conformes aux donn\u00e9es acquise de la science\u00a0\u00bb \u00e0 l\u2019occasion d\u2019un acte. La Cour de cassation a r\u00e9cemment pr\u00e9cis\u00e9 que cette obligation s\u2019\u00e9tend d\u2019une part \u00e0 l\u2019obligation de surveiller le patient, et d\u2019autre part [&hellip;]<\/p>\n","protected":false},"author":4,"featured_media":1562,"comment_status":"open","ping_status":"open","sticky":false,"template":"","format":"standard","meta":{"_et_pb_use_builder":"","_et_pb_old_content":"","_et_gb_content_width":"","footnotes":""},"categories":[4],"tags":[9,11,35,37],"yoast_head":"<!-- This site is optimized with the Yoast SEO plugin v22.3 - https:\/\/yoast.com\/wordpress\/plugins\/seo\/ -->\n<title>DROIT MEDICAL : l\u2019\u00e9tendue de l\u2019obligation de soins du m\u00e9decin - Nicolas Bonnet - Avocat Lyon et Villeurbanne, divorce, droit m\u00e9dical, travail, litiges de la consommation...<\/title>\n<meta name=\"robots\" content=\"index, follow, max-snippet:-1, max-image-preview:large, max-video-preview:-1\" \/>\n<link rel=\"canonical\" href=\"https:\/\/www.avocat-bonnet.fr\/lyon-villeurbanne\/droit-medical-letendue-de-lobligation-de-soins-du-medecin\/\" \/>\n<meta property=\"og:locale\" content=\"fr_FR\" \/>\n<meta property=\"og:type\" content=\"article\" \/>\n<meta property=\"og:title\" content=\"DROIT MEDICAL : l\u2019\u00e9tendue de l\u2019obligation de soins du m\u00e9decin - Nicolas Bonnet - Avocat Lyon et Villeurbanne, divorce, droit m\u00e9dical, travail, litiges de la consommation...\" \/>\n<meta property=\"og:description\" content=\"L\u2019obligation de soins qui p\u00e8se sur le m\u00e9decin ne s\u2019arr\u00eate pas \u00e0 donner ponctuellement \u00e0 son patient des soins \u00ab\u00a0consciencieux, attentifs et conformes aux donn\u00e9es acquise de la science\u00a0\u00bb \u00e0 l\u2019occasion d\u2019un acte. La Cour de cassation a r\u00e9cemment pr\u00e9cis\u00e9 que cette obligation s\u2019\u00e9tend d\u2019une part \u00e0 l\u2019obligation de surveiller le patient, et d\u2019autre part [&hellip;]\" \/>\n<meta property=\"og:url\" content=\"https:\/\/www.avocat-bonnet.fr\/lyon-villeurbanne\/droit-medical-letendue-de-lobligation-de-soins-du-medecin\/\" \/>\n<meta property=\"og:site_name\" content=\"Nicolas Bonnet - Avocat Lyon et Villeurbanne, divorce, droit m\u00e9dical, travail, litiges de la consommation...\" \/>\n<meta property=\"article:published_time\" content=\"2013-01-21T16:50:09+00:00\" \/>\n<meta property=\"og:image\" content=\"https:\/\/www.avocat-bonnet.fr\/lyon-villeurbanne\/wp-content\/uploads\/2018\/06\/Defaut-image.jpg\" \/>\n\t<meta property=\"og:image:width\" content=\"300\" \/>\n\t<meta property=\"og:image:height\" content=\"200\" \/>\n\t<meta property=\"og:image:type\" content=\"image\/jpeg\" \/>\n<meta name=\"author\" content=\"Nicolas Bonnet\" \/>\n<meta name=\"twitter:card\" content=\"summary_large_image\" \/>\n<meta name=\"twitter:label1\" content=\"\u00c9crit par\" \/>\n\t<meta name=\"twitter:data1\" content=\"Nicolas Bonnet\" \/>\n\t<meta name=\"twitter:label2\" content=\"Dur\u00e9e de lecture estim\u00e9e\" \/>\n\t<meta name=\"twitter:data2\" content=\"2 minutes\" \/>\n<script type=\"application\/ld+json\" class=\"yoast-schema-graph\">{\"@context\":\"https:\/\/schema.org\",\"@graph\":[{\"@type\":\"Article\",\"@id\":\"https:\/\/www.avocat-bonnet.fr\/lyon-villeurbanne\/droit-medical-letendue-de-lobligation-de-soins-du-medecin\/#article\",\"isPartOf\":{\"@id\":\"https:\/\/www.avocat-bonnet.fr\/lyon-villeurbanne\/droit-medical-letendue-de-lobligation-de-soins-du-medecin\/\"},\"author\":{\"name\":\"Nicolas Bonnet\",\"@id\":\"https:\/\/www.avocat-bonnet.fr\/lyon-villeurbanne\/#\/schema\/person\/53ccc962871a33e31889adc918b8794d\"},\"headline\":\"DROIT MEDICAL : l\u2019\u00e9tendue de l\u2019obligation de soins du m\u00e9decin\",\"datePublished\":\"2013-01-21T16:50:09+00:00\",\"dateModified\":\"2013-01-21T16:50:09+00:00\",\"mainEntityOfPage\":{\"@id\":\"https:\/\/www.avocat-bonnet.fr\/lyon-villeurbanne\/droit-medical-letendue-de-lobligation-de-soins-du-medecin\/\"},\"wordCount\":378,\"commentCount\":0,\"publisher\":{\"@id\":\"https:\/\/www.avocat-bonnet.fr\/lyon-villeurbanne\/#\/schema\/person\/53ccc962871a33e31889adc918b8794d\"},\"image\":{\"@id\":\"https:\/\/www.avocat-bonnet.fr\/lyon-villeurbanne\/droit-medical-letendue-de-lobligation-de-soins-du-medecin\/#primaryimage\"},\"thumbnailUrl\":\"https:\/\/www.avocat-bonnet.fr\/lyon-villeurbanne\/wp-content\/uploads\/2018\/06\/Defaut-image.jpg\",\"keywords\":[\"avocat Lyon\",\"cabinet d'avocat\",\"r\u00e9paration des pr\u00e9judices corporels\",\"responsabilit\u00e9 m\u00e9dicale\"],\"articleSection\":[\"Les avocats\"],\"inLanguage\":\"fr-FR\",\"potentialAction\":[{\"@type\":\"CommentAction\",\"name\":\"Comment\",\"target\":[\"https:\/\/www.avocat-bonnet.fr\/lyon-villeurbanne\/droit-medical-letendue-de-lobligation-de-soins-du-medecin\/#respond\"]}]},{\"@type\":\"WebPage\",\"@id\":\"https:\/\/www.avocat-bonnet.fr\/lyon-villeurbanne\/droit-medical-letendue-de-lobligation-de-soins-du-medecin\/\",\"url\":\"https:\/\/www.avocat-bonnet.fr\/lyon-villeurbanne\/droit-medical-letendue-de-lobligation-de-soins-du-medecin\/\",\"name\":\"DROIT MEDICAL : l\u2019\u00e9tendue de l\u2019obligation de soins du m\u00e9decin - Nicolas Bonnet - Avocat Lyon et Villeurbanne, divorce, droit m\u00e9dical, travail, litiges de la consommation...\",\"isPartOf\":{\"@id\":\"https:\/\/www.avocat-bonnet.fr\/lyon-villeurbanne\/#website\"},\"primaryImageOfPage\":{\"@id\":\"https:\/\/www.avocat-bonnet.fr\/lyon-villeurbanne\/droit-medical-letendue-de-lobligation-de-soins-du-medecin\/#primaryimage\"},\"image\":{\"@id\":\"https:\/\/www.avocat-bonnet.fr\/lyon-villeurbanne\/droit-medical-letendue-de-lobligation-de-soins-du-medecin\/#primaryimage\"},\"thumbnailUrl\":\"https:\/\/www.avocat-bonnet.fr\/lyon-villeurbanne\/wp-content\/uploads\/2018\/06\/Defaut-image.jpg\",\"datePublished\":\"2013-01-21T16:50:09+00:00\",\"dateModified\":\"2013-01-21T16:50:09+00:00\",\"breadcrumb\":{\"@id\":\"https:\/\/www.avocat-bonnet.fr\/lyon-villeurbanne\/droit-medical-letendue-de-lobligation-de-soins-du-medecin\/#breadcrumb\"},\"inLanguage\":\"fr-FR\",\"potentialAction\":[{\"@type\":\"ReadAction\",\"target\":[\"https:\/\/www.avocat-bonnet.fr\/lyon-villeurbanne\/droit-medical-letendue-de-lobligation-de-soins-du-medecin\/\"]}]},{\"@type\":\"ImageObject\",\"inLanguage\":\"fr-FR\",\"@id\":\"https:\/\/www.avocat-bonnet.fr\/lyon-villeurbanne\/droit-medical-letendue-de-lobligation-de-soins-du-medecin\/#primaryimage\",\"url\":\"https:\/\/www.avocat-bonnet.fr\/lyon-villeurbanne\/wp-content\/uploads\/2018\/06\/Defaut-image.jpg\",\"contentUrl\":\"https:\/\/www.avocat-bonnet.fr\/lyon-villeurbanne\/wp-content\/uploads\/2018\/06\/Defaut-image.jpg\",\"width\":300,\"height\":200},{\"@type\":\"BreadcrumbList\",\"@id\":\"https:\/\/www.avocat-bonnet.fr\/lyon-villeurbanne\/droit-medical-letendue-de-lobligation-de-soins-du-medecin\/#breadcrumb\",\"itemListElement\":[{\"@type\":\"ListItem\",\"position\":1,\"name\":\"Accueil\",\"item\":\"https:\/\/www.avocat-bonnet.fr\/lyon-villeurbanne\/\"},{\"@type\":\"ListItem\",\"position\":2,\"name\":\"DROIT MEDICAL : l\u2019\u00e9tendue de l\u2019obligation de soins du m\u00e9decin\"}]},{\"@type\":\"WebSite\",\"@id\":\"https:\/\/www.avocat-bonnet.fr\/lyon-villeurbanne\/#website\",\"url\":\"https:\/\/www.avocat-bonnet.fr\/lyon-villeurbanne\/\",\"name\":\"Nicolas Bonnet - Avocat Lyon et Villeurbanne, divorce, droit m\u00e9dical, travail, litiges de la consommation...\",\"description\":\"Un cabinet d&#039;avocat d\u00e9di\u00e9 au droit des particuliers, commer\u00e7ants et petites entreprises...\",\"publisher\":{\"@id\":\"https:\/\/www.avocat-bonnet.fr\/lyon-villeurbanne\/#\/schema\/person\/53ccc962871a33e31889adc918b8794d\"},\"potentialAction\":[{\"@type\":\"SearchAction\",\"target\":{\"@type\":\"EntryPoint\",\"urlTemplate\":\"https:\/\/www.avocat-bonnet.fr\/lyon-villeurbanne\/?s={search_term_string}\"},\"query-input\":\"required name=search_term_string\"}],\"inLanguage\":\"fr-FR\"},{\"@type\":[\"Person\",\"Organization\"],\"@id\":\"https:\/\/www.avocat-bonnet.fr\/lyon-villeurbanne\/#\/schema\/person\/53ccc962871a33e31889adc918b8794d\",\"name\":\"Nicolas Bonnet\",\"logo\":{\"@id\":\"https:\/\/www.avocat-bonnet.fr\/lyon-villeurbanne\/#\/schema\/person\/image\/\"},\"url\":\"https:\/\/www.avocat-bonnet.fr\/lyon-villeurbanne\/author\/nbonnet\/\"}]}<\/script>\n<!-- \/ Yoast SEO plugin. -->","yoast_head_json":{"title":"DROIT MEDICAL : l\u2019\u00e9tendue de l\u2019obligation de soins du m\u00e9decin - Nicolas Bonnet - Avocat Lyon et Villeurbanne, divorce, droit m\u00e9dical, travail, litiges de la consommation...","robots":{"index":"index","follow":"follow","max-snippet":"max-snippet:-1","max-image-preview":"max-image-preview:large","max-video-preview":"max-video-preview:-1"},"canonical":"https:\/\/www.avocat-bonnet.fr\/lyon-villeurbanne\/droit-medical-letendue-de-lobligation-de-soins-du-medecin\/","og_locale":"fr_FR","og_type":"article","og_title":"DROIT MEDICAL : l\u2019\u00e9tendue de l\u2019obligation de soins du m\u00e9decin - Nicolas Bonnet - Avocat Lyon et Villeurbanne, divorce, droit m\u00e9dical, travail, litiges de la consommation...","og_description":"L\u2019obligation de soins qui p\u00e8se sur le m\u00e9decin ne s\u2019arr\u00eate pas \u00e0 donner ponctuellement \u00e0 son patient des soins \u00ab\u00a0consciencieux, attentifs et conformes aux donn\u00e9es acquise de la science\u00a0\u00bb \u00e0 l\u2019occasion d\u2019un acte. La Cour de cassation a r\u00e9cemment pr\u00e9cis\u00e9 que cette obligation s\u2019\u00e9tend d\u2019une part \u00e0 l\u2019obligation de surveiller le patient, et d\u2019autre part [&hellip;]","og_url":"https:\/\/www.avocat-bonnet.fr\/lyon-villeurbanne\/droit-medical-letendue-de-lobligation-de-soins-du-medecin\/","og_site_name":"Nicolas Bonnet - Avocat Lyon et Villeurbanne, divorce, droit m\u00e9dical, travail, litiges de la consommation...","article_published_time":"2013-01-21T16:50:09+00:00","og_image":[{"width":300,"height":200,"url":"https:\/\/www.avocat-bonnet.fr\/lyon-villeurbanne\/wp-content\/uploads\/2018\/06\/Defaut-image.jpg","type":"image\/jpeg"}],"author":"Nicolas Bonnet","twitter_card":"summary_large_image","twitter_misc":{"\u00c9crit par":"Nicolas Bonnet","Dur\u00e9e de lecture estim\u00e9e":"2 minutes"},"schema":{"@context":"https:\/\/schema.org","@graph":[{"@type":"Article","@id":"https:\/\/www.avocat-bonnet.fr\/lyon-villeurbanne\/droit-medical-letendue-de-lobligation-de-soins-du-medecin\/#article","isPartOf":{"@id":"https:\/\/www.avocat-bonnet.fr\/lyon-villeurbanne\/droit-medical-letendue-de-lobligation-de-soins-du-medecin\/"},"author":{"name":"Nicolas Bonnet","@id":"https:\/\/www.avocat-bonnet.fr\/lyon-villeurbanne\/#\/schema\/person\/53ccc962871a33e31889adc918b8794d"},"headline":"DROIT MEDICAL : l\u2019\u00e9tendue de l\u2019obligation de soins du m\u00e9decin","datePublished":"2013-01-21T16:50:09+00:00","dateModified":"2013-01-21T16:50:09+00:00","mainEntityOfPage":{"@id":"https:\/\/www.avocat-bonnet.fr\/lyon-villeurbanne\/droit-medical-letendue-de-lobligation-de-soins-du-medecin\/"},"wordCount":378,"commentCount":0,"publisher":{"@id":"https:\/\/www.avocat-bonnet.fr\/lyon-villeurbanne\/#\/schema\/person\/53ccc962871a33e31889adc918b8794d"},"image":{"@id":"https:\/\/www.avocat-bonnet.fr\/lyon-villeurbanne\/droit-medical-letendue-de-lobligation-de-soins-du-medecin\/#primaryimage"},"thumbnailUrl":"https:\/\/www.avocat-bonnet.fr\/lyon-villeurbanne\/wp-content\/uploads\/2018\/06\/Defaut-image.jpg","keywords":["avocat Lyon","cabinet d'avocat","r\u00e9paration des pr\u00e9judices corporels","responsabilit\u00e9 m\u00e9dicale"],"articleSection":["Les avocats"],"inLanguage":"fr-FR","potentialAction":[{"@type":"CommentAction","name":"Comment","target":["https:\/\/www.avocat-bonnet.fr\/lyon-villeurbanne\/droit-medical-letendue-de-lobligation-de-soins-du-medecin\/#respond"]}]},{"@type":"WebPage","@id":"https:\/\/www.avocat-bonnet.fr\/lyon-villeurbanne\/droit-medical-letendue-de-lobligation-de-soins-du-medecin\/","url":"https:\/\/www.avocat-bonnet.fr\/lyon-villeurbanne\/droit-medical-letendue-de-lobligation-de-soins-du-medecin\/","name":"DROIT MEDICAL : l\u2019\u00e9tendue de l\u2019obligation de soins du m\u00e9decin - Nicolas Bonnet - Avocat Lyon et Villeurbanne, divorce, droit m\u00e9dical, travail, litiges de la consommation...","isPartOf":{"@id":"https:\/\/www.avocat-bonnet.fr\/lyon-villeurbanne\/#website"},"primaryImageOfPage":{"@id":"https:\/\/www.avocat-bonnet.fr\/lyon-villeurbanne\/droit-medical-letendue-de-lobligation-de-soins-du-medecin\/#primaryimage"},"image":{"@id":"https:\/\/www.avocat-bonnet.fr\/lyon-villeurbanne\/droit-medical-letendue-de-lobligation-de-soins-du-medecin\/#primaryimage"},"thumbnailUrl":"https:\/\/www.avocat-bonnet.fr\/lyon-villeurbanne\/wp-content\/uploads\/2018\/06\/Defaut-image.jpg","datePublished":"2013-01-21T16:50:09+00:00","dateModified":"2013-01-21T16:50:09+00:00","breadcrumb":{"@id":"https:\/\/www.avocat-bonnet.fr\/lyon-villeurbanne\/droit-medical-letendue-de-lobligation-de-soins-du-medecin\/#breadcrumb"},"inLanguage":"fr-FR","potentialAction":[{"@type":"ReadAction","target":["https:\/\/www.avocat-bonnet.fr\/lyon-villeurbanne\/droit-medical-letendue-de-lobligation-de-soins-du-medecin\/"]}]},{"@type":"ImageObject","inLanguage":"fr-FR","@id":"https:\/\/www.avocat-bonnet.fr\/lyon-villeurbanne\/droit-medical-letendue-de-lobligation-de-soins-du-medecin\/#primaryimage","url":"https:\/\/www.avocat-bonnet.fr\/lyon-villeurbanne\/wp-content\/uploads\/2018\/06\/Defaut-image.jpg","contentUrl":"https:\/\/www.avocat-bonnet.fr\/lyon-villeurbanne\/wp-content\/uploads\/2018\/06\/Defaut-image.jpg","width":300,"height":200},{"@type":"BreadcrumbList","@id":"https:\/\/www.avocat-bonnet.fr\/lyon-villeurbanne\/droit-medical-letendue-de-lobligation-de-soins-du-medecin\/#breadcrumb","itemListElement":[{"@type":"ListItem","position":1,"name":"Accueil","item":"https:\/\/www.avocat-bonnet.fr\/lyon-villeurbanne\/"},{"@type":"ListItem","position":2,"name":"DROIT MEDICAL : l\u2019\u00e9tendue de l\u2019obligation de soins du m\u00e9decin"}]},{"@type":"WebSite","@id":"https:\/\/www.avocat-bonnet.fr\/lyon-villeurbanne\/#website","url":"https:\/\/www.avocat-bonnet.fr\/lyon-villeurbanne\/","name":"Nicolas Bonnet - Avocat Lyon et Villeurbanne, divorce, droit m\u00e9dical, travail, litiges de la consommation...","description":"Un cabinet d&#039;avocat d\u00e9di\u00e9 au droit des particuliers, commer\u00e7ants et petites entreprises...","publisher":{"@id":"https:\/\/www.avocat-bonnet.fr\/lyon-villeurbanne\/#\/schema\/person\/53ccc962871a33e31889adc918b8794d"},"potentialAction":[{"@type":"SearchAction","target":{"@type":"EntryPoint","urlTemplate":"https:\/\/www.avocat-bonnet.fr\/lyon-villeurbanne\/?s={search_term_string}"},"query-input":"required name=search_term_string"}],"inLanguage":"fr-FR"},{"@type":["Person","Organization"],"@id":"https:\/\/www.avocat-bonnet.fr\/lyon-villeurbanne\/#\/schema\/person\/53ccc962871a33e31889adc918b8794d","name":"Nicolas Bonnet","logo":{"@id":"https:\/\/www.avocat-bonnet.fr\/lyon-villeurbanne\/#\/schema\/person\/image\/"},"url":"https:\/\/www.avocat-bonnet.fr\/lyon-villeurbanne\/author\/nbonnet\/"}]}},"_links":{"self":[{"href":"https:\/\/www.avocat-bonnet.fr\/lyon-villeurbanne\/wp-json\/wp\/v2\/posts\/784"}],"collection":[{"href":"https:\/\/www.avocat-bonnet.fr\/lyon-villeurbanne\/wp-json\/wp\/v2\/posts"}],"about":[{"href":"https:\/\/www.avocat-bonnet.fr\/lyon-villeurbanne\/wp-json\/wp\/v2\/types\/post"}],"author":[{"embeddable":true,"href":"https:\/\/www.avocat-bonnet.fr\/lyon-villeurbanne\/wp-json\/wp\/v2\/users\/4"}],"replies":[{"embeddable":true,"href":"https:\/\/www.avocat-bonnet.fr\/lyon-villeurbanne\/wp-json\/wp\/v2\/comments?post=784"}],"version-history":[{"count":0,"href":"https:\/\/www.avocat-bonnet.fr\/lyon-villeurbanne\/wp-json\/wp\/v2\/posts\/784\/revisions"}],"wp:featuredmedia":[{"embeddable":true,"href":"https:\/\/www.avocat-bonnet.fr\/lyon-villeurbanne\/wp-json\/wp\/v2\/media\/1562"}],"wp:attachment":[{"href":"https:\/\/www.avocat-bonnet.fr\/lyon-villeurbanne\/wp-json\/wp\/v2\/media?parent=784"}],"wp:term":[{"taxonomy":"category","embeddable":true,"href":"https:\/\/www.avocat-bonnet.fr\/lyon-villeurbanne\/wp-json\/wp\/v2\/categories?post=784"},{"taxonomy":"post_tag","embeddable":true,"href":"https:\/\/www.avocat-bonnet.fr\/lyon-villeurbanne\/wp-json\/wp\/v2\/tags?post=784"}],"curies":[{"name":"wp","href":"https:\/\/api.w.org\/{rel}","templated":true}]}}