{"id":694,"date":"2012-12-03T16:40:49","date_gmt":"2012-12-03T15:40:49","guid":{"rendered":"http:\/\/www.avocat-bonnet.fr\/lesite\/?p=694"},"modified":"2012-12-03T16:40:49","modified_gmt":"2012-12-03T15:40:49","slug":"droit-du-travail-temps-de-travail-et-charge-de-la-preuve","status":"publish","type":"post","link":"https:\/\/www.avocat-bonnet.fr\/lyon-villeurbanne\/droit-du-travail-temps-de-travail-et-charge-de-la-preuve\/","title":{"rendered":"DROIT DU TRAVAIL : temps de travail et charge de la preuve"},"content":{"rendered":"<p>En droit civil commun &#8211; le droit applicable \u00e0 d\u00e9faut de r\u00e8gles sp\u00e9cifiques -, c\u2019est \u00e0 la partie qui invoque un fait ou une obligation \u00e0 son profit qu\u2019incombe la charge d\u2019en apporter la preuve. En droit du travail, compte tenu que seul l\u2019employeur est en situation d\u2019\u00e9tablir pr\u00e9cis\u00e9ment le nombre d\u2019heures de travail accompli, la charge de la preuve est partag\u00e9e entre, \u00e0 titre principal l\u2019employeur qui doit fournir au juge les <em>\u00ab\u00a0\u00e9l\u00e9ments de nature \u00e0 justifier les horaires effectivement r\u00e9alis\u00e9s par le salari\u00e9\u00a0\u00bb<\/em>, et, subsidiairement, au salari\u00e9 qui doit produire tous \u00e9l\u00e9ments au soutien de sa r\u00e9clamation. En mati\u00e8re de droit europ\u00e9en du travail, la chambre sociale de la Cour de cassation a r\u00e9cemment dit que la charge de la preuve p\u00e8se uniquement sur l\u2019employeur d\u00e8s lors qu\u2019est en jeu le respect des <em>\u00ab seuils et plafonds pr\u00e9vus par le droit de l\u2019Union europ\u00e9enne \u00bb<\/em> (obligations en mati\u00e8re de repos journalier, de temps de pause, de p\u00e9riode minimale de repos sans interruption de vingt-quatre heures, de dur\u00e9e maximale hebdomadaire de travail, de dur\u00e9e du travail de nuit\u2026). <strong><em>Cass. soc. 17 oct. 2012<\/em>.<\/strong><\/p>\n<p>Ma\u00eetre Nicolas Bonnet, avocat au barreau de Lyon<\/p>\n","protected":false},"excerpt":{"rendered":"<p>En droit civil commun &#8211; le droit applicable \u00e0 d\u00e9faut de r\u00e8gles sp\u00e9cifiques -, c\u2019est \u00e0 la partie qui invoque un fait ou une obligation \u00e0 son profit qu\u2019incombe la charge d\u2019en apporter la preuve. En droit du travail, compte tenu que seul l\u2019employeur est en situation d\u2019\u00e9tablir pr\u00e9cis\u00e9ment le nombre d\u2019heures de travail accompli, [&hellip;]<\/p>\n","protected":false},"author":4,"featured_media":1562,"comment_status":"open","ping_status":"open","sticky":false,"template":"","format":"standard","meta":{"_et_pb_use_builder":"","_et_pb_old_content":"","_et_gb_content_width":"","footnotes":""},"categories":[4],"tags":[9,11,27],"yoast_head":"<!-- This site is optimized with the Yoast SEO plugin v22.3 - https:\/\/yoast.com\/wordpress\/plugins\/seo\/ -->\n<title>DROIT DU TRAVAIL : temps de travail et charge de la preuve - Nicolas Bonnet - Avocat Lyon et Villeurbanne, divorce, droit m\u00e9dical, travail, litiges de la consommation...<\/title>\n<meta name=\"robots\" content=\"index, follow, max-snippet:-1, max-image-preview:large, max-video-preview:-1\" \/>\n<link rel=\"canonical\" href=\"https:\/\/www.avocat-bonnet.fr\/lyon-villeurbanne\/droit-du-travail-temps-de-travail-et-charge-de-la-preuve\/\" \/>\n<meta property=\"og:locale\" content=\"fr_FR\" \/>\n<meta property=\"og:type\" content=\"article\" \/>\n<meta property=\"og:title\" content=\"DROIT DU TRAVAIL : temps de travail et charge de la preuve - Nicolas Bonnet - Avocat Lyon et Villeurbanne, divorce, droit m\u00e9dical, travail, litiges de la consommation...\" \/>\n<meta property=\"og:description\" content=\"En droit civil commun &#8211; le droit applicable \u00e0 d\u00e9faut de r\u00e8gles sp\u00e9cifiques -, c\u2019est \u00e0 la partie qui invoque un fait ou une obligation \u00e0 son profit qu\u2019incombe la charge d\u2019en apporter la preuve. En droit du travail, compte tenu que seul l\u2019employeur est en situation d\u2019\u00e9tablir pr\u00e9cis\u00e9ment le nombre d\u2019heures de travail accompli, [&hellip;]\" \/>\n<meta property=\"og:url\" content=\"https:\/\/www.avocat-bonnet.fr\/lyon-villeurbanne\/droit-du-travail-temps-de-travail-et-charge-de-la-preuve\/\" \/>\n<meta property=\"og:site_name\" content=\"Nicolas Bonnet - Avocat Lyon et Villeurbanne, divorce, droit m\u00e9dical, travail, litiges de la consommation...\" \/>\n<meta property=\"article:published_time\" content=\"2012-12-03T15:40:49+00:00\" \/>\n<meta property=\"og:image\" content=\"https:\/\/www.avocat-bonnet.fr\/lyon-villeurbanne\/wp-content\/uploads\/2018\/06\/Defaut-image.jpg\" \/>\n\t<meta property=\"og:image:width\" content=\"300\" \/>\n\t<meta property=\"og:image:height\" content=\"200\" \/>\n\t<meta property=\"og:image:type\" content=\"image\/jpeg\" \/>\n<meta name=\"author\" content=\"Nicolas Bonnet\" \/>\n<meta name=\"twitter:card\" content=\"summary_large_image\" \/>\n<meta name=\"twitter:label1\" content=\"\u00c9crit par\" \/>\n\t<meta name=\"twitter:data1\" content=\"Nicolas Bonnet\" \/>\n\t<meta name=\"twitter:label2\" content=\"Dur\u00e9e de lecture estim\u00e9e\" \/>\n\t<meta name=\"twitter:data2\" content=\"1 minute\" \/>\n<script type=\"application\/ld+json\" class=\"yoast-schema-graph\">{\"@context\":\"https:\/\/schema.org\",\"@graph\":[{\"@type\":\"Article\",\"@id\":\"https:\/\/www.avocat-bonnet.fr\/lyon-villeurbanne\/droit-du-travail-temps-de-travail-et-charge-de-la-preuve\/#article\",\"isPartOf\":{\"@id\":\"https:\/\/www.avocat-bonnet.fr\/lyon-villeurbanne\/droit-du-travail-temps-de-travail-et-charge-de-la-preuve\/\"},\"author\":{\"name\":\"Nicolas Bonnet\",\"@id\":\"https:\/\/www.avocat-bonnet.fr\/lyon-villeurbanne\/#\/schema\/person\/53ccc962871a33e31889adc918b8794d\"},\"headline\":\"DROIT DU TRAVAIL : temps de travail et charge de la preuve\",\"datePublished\":\"2012-12-03T15:40:49+00:00\",\"dateModified\":\"2012-12-03T15:40:49+00:00\",\"mainEntityOfPage\":{\"@id\":\"https:\/\/www.avocat-bonnet.fr\/lyon-villeurbanne\/droit-du-travail-temps-de-travail-et-charge-de-la-preuve\/\"},\"wordCount\":227,\"commentCount\":0,\"publisher\":{\"@id\":\"https:\/\/www.avocat-bonnet.fr\/lyon-villeurbanne\/#\/schema\/person\/53ccc962871a33e31889adc918b8794d\"},\"image\":{\"@id\":\"https:\/\/www.avocat-bonnet.fr\/lyon-villeurbanne\/droit-du-travail-temps-de-travail-et-charge-de-la-preuve\/#primaryimage\"},\"thumbnailUrl\":\"https:\/\/www.avocat-bonnet.fr\/lyon-villeurbanne\/wp-content\/uploads\/2018\/06\/Defaut-image.jpg\",\"keywords\":[\"avocat Lyon\",\"cabinet d'avocat\",\"licenciements\"],\"articleSection\":[\"Les avocats\"],\"inLanguage\":\"fr-FR\",\"potentialAction\":[{\"@type\":\"CommentAction\",\"name\":\"Comment\",\"target\":[\"https:\/\/www.avocat-bonnet.fr\/lyon-villeurbanne\/droit-du-travail-temps-de-travail-et-charge-de-la-preuve\/#respond\"]}]},{\"@type\":\"WebPage\",\"@id\":\"https:\/\/www.avocat-bonnet.fr\/lyon-villeurbanne\/droit-du-travail-temps-de-travail-et-charge-de-la-preuve\/\",\"url\":\"https:\/\/www.avocat-bonnet.fr\/lyon-villeurbanne\/droit-du-travail-temps-de-travail-et-charge-de-la-preuve\/\",\"name\":\"DROIT DU TRAVAIL : temps de travail et charge de la preuve - Nicolas Bonnet - Avocat Lyon et Villeurbanne, divorce, droit m\u00e9dical, travail, litiges de la consommation...\",\"isPartOf\":{\"@id\":\"https:\/\/www.avocat-bonnet.fr\/lyon-villeurbanne\/#website\"},\"primaryImageOfPage\":{\"@id\":\"https:\/\/www.avocat-bonnet.fr\/lyon-villeurbanne\/droit-du-travail-temps-de-travail-et-charge-de-la-preuve\/#primaryimage\"},\"image\":{\"@id\":\"https:\/\/www.avocat-bonnet.fr\/lyon-villeurbanne\/droit-du-travail-temps-de-travail-et-charge-de-la-preuve\/#primaryimage\"},\"thumbnailUrl\":\"https:\/\/www.avocat-bonnet.fr\/lyon-villeurbanne\/wp-content\/uploads\/2018\/06\/Defaut-image.jpg\",\"datePublished\":\"2012-12-03T15:40:49+00:00\",\"dateModified\":\"2012-12-03T15:40:49+00:00\",\"breadcrumb\":{\"@id\":\"https:\/\/www.avocat-bonnet.fr\/lyon-villeurbanne\/droit-du-travail-temps-de-travail-et-charge-de-la-preuve\/#breadcrumb\"},\"inLanguage\":\"fr-FR\",\"potentialAction\":[{\"@type\":\"ReadAction\",\"target\":[\"https:\/\/www.avocat-bonnet.fr\/lyon-villeurbanne\/droit-du-travail-temps-de-travail-et-charge-de-la-preuve\/\"]}]},{\"@type\":\"ImageObject\",\"inLanguage\":\"fr-FR\",\"@id\":\"https:\/\/www.avocat-bonnet.fr\/lyon-villeurbanne\/droit-du-travail-temps-de-travail-et-charge-de-la-preuve\/#primaryimage\",\"url\":\"https:\/\/www.avocat-bonnet.fr\/lyon-villeurbanne\/wp-content\/uploads\/2018\/06\/Defaut-image.jpg\",\"contentUrl\":\"https:\/\/www.avocat-bonnet.fr\/lyon-villeurbanne\/wp-content\/uploads\/2018\/06\/Defaut-image.jpg\",\"width\":300,\"height\":200},{\"@type\":\"BreadcrumbList\",\"@id\":\"https:\/\/www.avocat-bonnet.fr\/lyon-villeurbanne\/droit-du-travail-temps-de-travail-et-charge-de-la-preuve\/#breadcrumb\",\"itemListElement\":[{\"@type\":\"ListItem\",\"position\":1,\"name\":\"Accueil\",\"item\":\"https:\/\/www.avocat-bonnet.fr\/lyon-villeurbanne\/\"},{\"@type\":\"ListItem\",\"position\":2,\"name\":\"DROIT DU TRAVAIL : temps de travail et charge de la preuve\"}]},{\"@type\":\"WebSite\",\"@id\":\"https:\/\/www.avocat-bonnet.fr\/lyon-villeurbanne\/#website\",\"url\":\"https:\/\/www.avocat-bonnet.fr\/lyon-villeurbanne\/\",\"name\":\"Nicolas Bonnet - Avocat Lyon et Villeurbanne, divorce, droit m\u00e9dical, travail, litiges de la consommation...\",\"description\":\"Un cabinet d&#039;avocat d\u00e9di\u00e9 au droit des particuliers, commer\u00e7ants et petites entreprises...\",\"publisher\":{\"@id\":\"https:\/\/www.avocat-bonnet.fr\/lyon-villeurbanne\/#\/schema\/person\/53ccc962871a33e31889adc918b8794d\"},\"potentialAction\":[{\"@type\":\"SearchAction\",\"target\":{\"@type\":\"EntryPoint\",\"urlTemplate\":\"https:\/\/www.avocat-bonnet.fr\/lyon-villeurbanne\/?s={search_term_string}\"},\"query-input\":\"required name=search_term_string\"}],\"inLanguage\":\"fr-FR\"},{\"@type\":[\"Person\",\"Organization\"],\"@id\":\"https:\/\/www.avocat-bonnet.fr\/lyon-villeurbanne\/#\/schema\/person\/53ccc962871a33e31889adc918b8794d\",\"name\":\"Nicolas Bonnet\",\"logo\":{\"@id\":\"https:\/\/www.avocat-bonnet.fr\/lyon-villeurbanne\/#\/schema\/person\/image\/\"},\"url\":\"https:\/\/www.avocat-bonnet.fr\/lyon-villeurbanne\/author\/nbonnet\/\"}]}<\/script>\n<!-- \/ Yoast SEO plugin. -->","yoast_head_json":{"title":"DROIT DU TRAVAIL : temps de travail et charge de la preuve - Nicolas Bonnet - Avocat Lyon et Villeurbanne, divorce, droit m\u00e9dical, travail, litiges de la consommation...","robots":{"index":"index","follow":"follow","max-snippet":"max-snippet:-1","max-image-preview":"max-image-preview:large","max-video-preview":"max-video-preview:-1"},"canonical":"https:\/\/www.avocat-bonnet.fr\/lyon-villeurbanne\/droit-du-travail-temps-de-travail-et-charge-de-la-preuve\/","og_locale":"fr_FR","og_type":"article","og_title":"DROIT DU TRAVAIL : temps de travail et charge de la preuve - Nicolas Bonnet - Avocat Lyon et Villeurbanne, divorce, droit m\u00e9dical, travail, litiges de la consommation...","og_description":"En droit civil commun &#8211; le droit applicable \u00e0 d\u00e9faut de r\u00e8gles sp\u00e9cifiques -, c\u2019est \u00e0 la partie qui invoque un fait ou une obligation \u00e0 son profit qu\u2019incombe la charge d\u2019en apporter la preuve. En droit du travail, compte tenu que seul l\u2019employeur est en situation d\u2019\u00e9tablir pr\u00e9cis\u00e9ment le nombre d\u2019heures de travail accompli, [&hellip;]","og_url":"https:\/\/www.avocat-bonnet.fr\/lyon-villeurbanne\/droit-du-travail-temps-de-travail-et-charge-de-la-preuve\/","og_site_name":"Nicolas Bonnet - Avocat Lyon et Villeurbanne, divorce, droit m\u00e9dical, travail, litiges de la consommation...","article_published_time":"2012-12-03T15:40:49+00:00","og_image":[{"width":300,"height":200,"url":"https:\/\/www.avocat-bonnet.fr\/lyon-villeurbanne\/wp-content\/uploads\/2018\/06\/Defaut-image.jpg","type":"image\/jpeg"}],"author":"Nicolas Bonnet","twitter_card":"summary_large_image","twitter_misc":{"\u00c9crit par":"Nicolas Bonnet","Dur\u00e9e de lecture estim\u00e9e":"1 minute"},"schema":{"@context":"https:\/\/schema.org","@graph":[{"@type":"Article","@id":"https:\/\/www.avocat-bonnet.fr\/lyon-villeurbanne\/droit-du-travail-temps-de-travail-et-charge-de-la-preuve\/#article","isPartOf":{"@id":"https:\/\/www.avocat-bonnet.fr\/lyon-villeurbanne\/droit-du-travail-temps-de-travail-et-charge-de-la-preuve\/"},"author":{"name":"Nicolas Bonnet","@id":"https:\/\/www.avocat-bonnet.fr\/lyon-villeurbanne\/#\/schema\/person\/53ccc962871a33e31889adc918b8794d"},"headline":"DROIT DU TRAVAIL : temps de travail et charge de la preuve","datePublished":"2012-12-03T15:40:49+00:00","dateModified":"2012-12-03T15:40:49+00:00","mainEntityOfPage":{"@id":"https:\/\/www.avocat-bonnet.fr\/lyon-villeurbanne\/droit-du-travail-temps-de-travail-et-charge-de-la-preuve\/"},"wordCount":227,"commentCount":0,"publisher":{"@id":"https:\/\/www.avocat-bonnet.fr\/lyon-villeurbanne\/#\/schema\/person\/53ccc962871a33e31889adc918b8794d"},"image":{"@id":"https:\/\/www.avocat-bonnet.fr\/lyon-villeurbanne\/droit-du-travail-temps-de-travail-et-charge-de-la-preuve\/#primaryimage"},"thumbnailUrl":"https:\/\/www.avocat-bonnet.fr\/lyon-villeurbanne\/wp-content\/uploads\/2018\/06\/Defaut-image.jpg","keywords":["avocat Lyon","cabinet d'avocat","licenciements"],"articleSection":["Les avocats"],"inLanguage":"fr-FR","potentialAction":[{"@type":"CommentAction","name":"Comment","target":["https:\/\/www.avocat-bonnet.fr\/lyon-villeurbanne\/droit-du-travail-temps-de-travail-et-charge-de-la-preuve\/#respond"]}]},{"@type":"WebPage","@id":"https:\/\/www.avocat-bonnet.fr\/lyon-villeurbanne\/droit-du-travail-temps-de-travail-et-charge-de-la-preuve\/","url":"https:\/\/www.avocat-bonnet.fr\/lyon-villeurbanne\/droit-du-travail-temps-de-travail-et-charge-de-la-preuve\/","name":"DROIT DU TRAVAIL : temps de travail et charge de la preuve - Nicolas Bonnet - Avocat Lyon et Villeurbanne, divorce, droit m\u00e9dical, travail, litiges de la consommation...","isPartOf":{"@id":"https:\/\/www.avocat-bonnet.fr\/lyon-villeurbanne\/#website"},"primaryImageOfPage":{"@id":"https:\/\/www.avocat-bonnet.fr\/lyon-villeurbanne\/droit-du-travail-temps-de-travail-et-charge-de-la-preuve\/#primaryimage"},"image":{"@id":"https:\/\/www.avocat-bonnet.fr\/lyon-villeurbanne\/droit-du-travail-temps-de-travail-et-charge-de-la-preuve\/#primaryimage"},"thumbnailUrl":"https:\/\/www.avocat-bonnet.fr\/lyon-villeurbanne\/wp-content\/uploads\/2018\/06\/Defaut-image.jpg","datePublished":"2012-12-03T15:40:49+00:00","dateModified":"2012-12-03T15:40:49+00:00","breadcrumb":{"@id":"https:\/\/www.avocat-bonnet.fr\/lyon-villeurbanne\/droit-du-travail-temps-de-travail-et-charge-de-la-preuve\/#breadcrumb"},"inLanguage":"fr-FR","potentialAction":[{"@type":"ReadAction","target":["https:\/\/www.avocat-bonnet.fr\/lyon-villeurbanne\/droit-du-travail-temps-de-travail-et-charge-de-la-preuve\/"]}]},{"@type":"ImageObject","inLanguage":"fr-FR","@id":"https:\/\/www.avocat-bonnet.fr\/lyon-villeurbanne\/droit-du-travail-temps-de-travail-et-charge-de-la-preuve\/#primaryimage","url":"https:\/\/www.avocat-bonnet.fr\/lyon-villeurbanne\/wp-content\/uploads\/2018\/06\/Defaut-image.jpg","contentUrl":"https:\/\/www.avocat-bonnet.fr\/lyon-villeurbanne\/wp-content\/uploads\/2018\/06\/Defaut-image.jpg","width":300,"height":200},{"@type":"BreadcrumbList","@id":"https:\/\/www.avocat-bonnet.fr\/lyon-villeurbanne\/droit-du-travail-temps-de-travail-et-charge-de-la-preuve\/#breadcrumb","itemListElement":[{"@type":"ListItem","position":1,"name":"Accueil","item":"https:\/\/www.avocat-bonnet.fr\/lyon-villeurbanne\/"},{"@type":"ListItem","position":2,"name":"DROIT DU TRAVAIL : temps de travail et charge de la preuve"}]},{"@type":"WebSite","@id":"https:\/\/www.avocat-bonnet.fr\/lyon-villeurbanne\/#website","url":"https:\/\/www.avocat-bonnet.fr\/lyon-villeurbanne\/","name":"Nicolas Bonnet - Avocat Lyon et Villeurbanne, divorce, droit m\u00e9dical, travail, litiges de la consommation...","description":"Un cabinet d&#039;avocat d\u00e9di\u00e9 au droit des particuliers, commer\u00e7ants et petites entreprises...","publisher":{"@id":"https:\/\/www.avocat-bonnet.fr\/lyon-villeurbanne\/#\/schema\/person\/53ccc962871a33e31889adc918b8794d"},"potentialAction":[{"@type":"SearchAction","target":{"@type":"EntryPoint","urlTemplate":"https:\/\/www.avocat-bonnet.fr\/lyon-villeurbanne\/?s={search_term_string}"},"query-input":"required name=search_term_string"}],"inLanguage":"fr-FR"},{"@type":["Person","Organization"],"@id":"https:\/\/www.avocat-bonnet.fr\/lyon-villeurbanne\/#\/schema\/person\/53ccc962871a33e31889adc918b8794d","name":"Nicolas Bonnet","logo":{"@id":"https:\/\/www.avocat-bonnet.fr\/lyon-villeurbanne\/#\/schema\/person\/image\/"},"url":"https:\/\/www.avocat-bonnet.fr\/lyon-villeurbanne\/author\/nbonnet\/"}]}},"_links":{"self":[{"href":"https:\/\/www.avocat-bonnet.fr\/lyon-villeurbanne\/wp-json\/wp\/v2\/posts\/694"}],"collection":[{"href":"https:\/\/www.avocat-bonnet.fr\/lyon-villeurbanne\/wp-json\/wp\/v2\/posts"}],"about":[{"href":"https:\/\/www.avocat-bonnet.fr\/lyon-villeurbanne\/wp-json\/wp\/v2\/types\/post"}],"author":[{"embeddable":true,"href":"https:\/\/www.avocat-bonnet.fr\/lyon-villeurbanne\/wp-json\/wp\/v2\/users\/4"}],"replies":[{"embeddable":true,"href":"https:\/\/www.avocat-bonnet.fr\/lyon-villeurbanne\/wp-json\/wp\/v2\/comments?post=694"}],"version-history":[{"count":0,"href":"https:\/\/www.avocat-bonnet.fr\/lyon-villeurbanne\/wp-json\/wp\/v2\/posts\/694\/revisions"}],"wp:featuredmedia":[{"embeddable":true,"href":"https:\/\/www.avocat-bonnet.fr\/lyon-villeurbanne\/wp-json\/wp\/v2\/media\/1562"}],"wp:attachment":[{"href":"https:\/\/www.avocat-bonnet.fr\/lyon-villeurbanne\/wp-json\/wp\/v2\/media?parent=694"}],"wp:term":[{"taxonomy":"category","embeddable":true,"href":"https:\/\/www.avocat-bonnet.fr\/lyon-villeurbanne\/wp-json\/wp\/v2\/categories?post=694"},{"taxonomy":"post_tag","embeddable":true,"href":"https:\/\/www.avocat-bonnet.fr\/lyon-villeurbanne\/wp-json\/wp\/v2\/tags?post=694"}],"curies":[{"name":"wp","href":"https:\/\/api.w.org\/{rel}","templated":true}]}}