{"id":302,"date":"2012-10-15T18:45:16","date_gmt":"2012-10-15T17:45:16","guid":{"rendered":"http:\/\/www.avocat-bonnet.fr\/lesite\/?p=302"},"modified":"2012-10-15T18:45:16","modified_gmt":"2012-10-15T17:45:16","slug":"ordi-au-travail-attention-a-la-confidentialite","status":"publish","type":"post","link":"https:\/\/www.avocat-bonnet.fr\/lyon-villeurbanne\/ordi-au-travail-attention-a-la-confidentialite\/","title":{"rendered":"DROIT DU TRAVAIL : ordi. au travail et confidentialit\u00e9"},"content":{"rendered":"<p>Dans\u00a0un arr\u00eat du du 11 juillet 2012, la chambre sociale de la Cour de cassation &#8211; plus haute juridiction de l&rsquo;ordre judiciaire, qui appr\u00e9cie la bonne application du droit par les cours d&rsquo;appel &#8211; a d\u00e9cid\u00e9 que le contenu du disque dur de l&rsquo;ordinateur de travail d&rsquo;un salari\u00e9 \u00e9tant pr\u00e9sum\u00e9 li\u00e9 au travail, l&#8217;employeur y a acc\u00e8s, et que le seul intitul\u00e9 \u00ab\u00a0Mes documents\u00a0\u00bb ne suffit dans ce contexte pas \u00e0 indiquer le caract\u00e8re personnel des documents et donc leur confidentialit\u00e9.<br \/>\nIl convient donc, pour pr\u00e9tendre mettre ses documents personnels &#8211; \u00e9crits ou photos &#8211; relativement \u00e0 l&rsquo;abri de la curiosit\u00e9 de son employeur &#8211; celui-ci pouvant toujours exiger l&rsquo;ouverture de ces documents en pr\u00e9sence du salari\u00e9 -, d&rsquo;intituler le fichier de mani\u00e8re suffisamment claire et nette (par exemple : \u00ab\u00a0Mes documents personnels\u00a0\u00bb, \u00ab\u00a0Strictement personnel\u00a0\u00bb, ou \u00ab\u00a0confidentiel\u00a0\u00bb). Mais pour la confidentialit\u00e9, rien n&rsquo;est plus efficace&#8230; que de ne rien importer de trop personnel dans son ordi. de travail.<\/p>\n<p>Ma\u00eetre Nicolas Bonnet, avocat au barreau de Lyon<\/p>\n","protected":false},"excerpt":{"rendered":"<p>Dans\u00a0un arr\u00eat du du 11 juillet 2012, la chambre sociale de la Cour de cassation &#8211; plus haute juridiction de l&rsquo;ordre judiciaire, qui appr\u00e9cie la bonne application du droit par les cours d&rsquo;appel &#8211; a d\u00e9cid\u00e9 que le contenu du disque dur de l&rsquo;ordinateur de travail d&rsquo;un salari\u00e9 \u00e9tant pr\u00e9sum\u00e9 li\u00e9 au travail, l&#8217;employeur y [&hellip;]<\/p>\n","protected":false},"author":4,"featured_media":1562,"comment_status":"open","ping_status":"open","sticky":false,"template":"","format":"standard","meta":{"_et_pb_use_builder":"","_et_pb_old_content":"","_et_gb_content_width":"","footnotes":""},"categories":[4],"tags":[9,11,27],"yoast_head":"<!-- This site is optimized with the Yoast SEO plugin v22.3 - https:\/\/yoast.com\/wordpress\/plugins\/seo\/ -->\n<title>DROIT DU TRAVAIL : ordi. au travail et confidentialit\u00e9 - Nicolas Bonnet - Avocat Lyon et Villeurbanne, divorce, droit m\u00e9dical, travail, litiges de la consommation...<\/title>\n<meta name=\"robots\" content=\"index, follow, max-snippet:-1, max-image-preview:large, max-video-preview:-1\" \/>\n<link rel=\"canonical\" href=\"https:\/\/www.avocat-bonnet.fr\/lyon-villeurbanne\/ordi-au-travail-attention-a-la-confidentialite\/\" \/>\n<meta property=\"og:locale\" content=\"fr_FR\" \/>\n<meta property=\"og:type\" content=\"article\" \/>\n<meta property=\"og:title\" content=\"DROIT DU TRAVAIL : ordi. au travail et confidentialit\u00e9 - Nicolas Bonnet - Avocat Lyon et Villeurbanne, divorce, droit m\u00e9dical, travail, litiges de la consommation...\" \/>\n<meta property=\"og:description\" content=\"Dans\u00a0un arr\u00eat du du 11 juillet 2012, la chambre sociale de la Cour de cassation &#8211; plus haute juridiction de l&rsquo;ordre judiciaire, qui appr\u00e9cie la bonne application du droit par les cours d&rsquo;appel &#8211; a d\u00e9cid\u00e9 que le contenu du disque dur de l&rsquo;ordinateur de travail d&rsquo;un salari\u00e9 \u00e9tant pr\u00e9sum\u00e9 li\u00e9 au travail, l&#8217;employeur y [&hellip;]\" \/>\n<meta property=\"og:url\" content=\"https:\/\/www.avocat-bonnet.fr\/lyon-villeurbanne\/ordi-au-travail-attention-a-la-confidentialite\/\" \/>\n<meta property=\"og:site_name\" content=\"Nicolas Bonnet - Avocat Lyon et Villeurbanne, divorce, droit m\u00e9dical, travail, litiges de la consommation...\" \/>\n<meta property=\"article:published_time\" content=\"2012-10-15T17:45:16+00:00\" \/>\n<meta property=\"og:image\" content=\"https:\/\/www.avocat-bonnet.fr\/lyon-villeurbanne\/wp-content\/uploads\/2018\/06\/Defaut-image.jpg\" \/>\n\t<meta property=\"og:image:width\" content=\"300\" \/>\n\t<meta property=\"og:image:height\" content=\"200\" \/>\n\t<meta property=\"og:image:type\" content=\"image\/jpeg\" \/>\n<meta name=\"author\" content=\"Nicolas Bonnet\" \/>\n<meta name=\"twitter:card\" content=\"summary_large_image\" \/>\n<meta name=\"twitter:label1\" content=\"\u00c9crit par\" \/>\n\t<meta name=\"twitter:data1\" content=\"Nicolas Bonnet\" \/>\n\t<meta name=\"twitter:label2\" content=\"Dur\u00e9e de lecture estim\u00e9e\" \/>\n\t<meta name=\"twitter:data2\" content=\"1 minute\" \/>\n<script type=\"application\/ld+json\" class=\"yoast-schema-graph\">{\"@context\":\"https:\/\/schema.org\",\"@graph\":[{\"@type\":\"Article\",\"@id\":\"https:\/\/www.avocat-bonnet.fr\/lyon-villeurbanne\/ordi-au-travail-attention-a-la-confidentialite\/#article\",\"isPartOf\":{\"@id\":\"https:\/\/www.avocat-bonnet.fr\/lyon-villeurbanne\/ordi-au-travail-attention-a-la-confidentialite\/\"},\"author\":{\"name\":\"Nicolas Bonnet\",\"@id\":\"https:\/\/www.avocat-bonnet.fr\/lyon-villeurbanne\/#\/schema\/person\/53ccc962871a33e31889adc918b8794d\"},\"headline\":\"DROIT DU TRAVAIL : ordi. au travail et confidentialit\u00e9\",\"datePublished\":\"2012-10-15T17:45:16+00:00\",\"dateModified\":\"2012-10-15T17:45:16+00:00\",\"mainEntityOfPage\":{\"@id\":\"https:\/\/www.avocat-bonnet.fr\/lyon-villeurbanne\/ordi-au-travail-attention-a-la-confidentialite\/\"},\"wordCount\":189,\"commentCount\":1,\"publisher\":{\"@id\":\"https:\/\/www.avocat-bonnet.fr\/lyon-villeurbanne\/#\/schema\/person\/53ccc962871a33e31889adc918b8794d\"},\"image\":{\"@id\":\"https:\/\/www.avocat-bonnet.fr\/lyon-villeurbanne\/ordi-au-travail-attention-a-la-confidentialite\/#primaryimage\"},\"thumbnailUrl\":\"https:\/\/www.avocat-bonnet.fr\/lyon-villeurbanne\/wp-content\/uploads\/2018\/06\/Defaut-image.jpg\",\"keywords\":[\"avocat Lyon\",\"cabinet d'avocat\",\"licenciements\"],\"articleSection\":[\"Les avocats\"],\"inLanguage\":\"fr-FR\",\"potentialAction\":[{\"@type\":\"CommentAction\",\"name\":\"Comment\",\"target\":[\"https:\/\/www.avocat-bonnet.fr\/lyon-villeurbanne\/ordi-au-travail-attention-a-la-confidentialite\/#respond\"]}]},{\"@type\":\"WebPage\",\"@id\":\"https:\/\/www.avocat-bonnet.fr\/lyon-villeurbanne\/ordi-au-travail-attention-a-la-confidentialite\/\",\"url\":\"https:\/\/www.avocat-bonnet.fr\/lyon-villeurbanne\/ordi-au-travail-attention-a-la-confidentialite\/\",\"name\":\"DROIT DU TRAVAIL : ordi. au travail et confidentialit\u00e9 - Nicolas Bonnet - Avocat Lyon et Villeurbanne, divorce, droit m\u00e9dical, travail, litiges de la consommation...\",\"isPartOf\":{\"@id\":\"https:\/\/www.avocat-bonnet.fr\/lyon-villeurbanne\/#website\"},\"primaryImageOfPage\":{\"@id\":\"https:\/\/www.avocat-bonnet.fr\/lyon-villeurbanne\/ordi-au-travail-attention-a-la-confidentialite\/#primaryimage\"},\"image\":{\"@id\":\"https:\/\/www.avocat-bonnet.fr\/lyon-villeurbanne\/ordi-au-travail-attention-a-la-confidentialite\/#primaryimage\"},\"thumbnailUrl\":\"https:\/\/www.avocat-bonnet.fr\/lyon-villeurbanne\/wp-content\/uploads\/2018\/06\/Defaut-image.jpg\",\"datePublished\":\"2012-10-15T17:45:16+00:00\",\"dateModified\":\"2012-10-15T17:45:16+00:00\",\"breadcrumb\":{\"@id\":\"https:\/\/www.avocat-bonnet.fr\/lyon-villeurbanne\/ordi-au-travail-attention-a-la-confidentialite\/#breadcrumb\"},\"inLanguage\":\"fr-FR\",\"potentialAction\":[{\"@type\":\"ReadAction\",\"target\":[\"https:\/\/www.avocat-bonnet.fr\/lyon-villeurbanne\/ordi-au-travail-attention-a-la-confidentialite\/\"]}]},{\"@type\":\"ImageObject\",\"inLanguage\":\"fr-FR\",\"@id\":\"https:\/\/www.avocat-bonnet.fr\/lyon-villeurbanne\/ordi-au-travail-attention-a-la-confidentialite\/#primaryimage\",\"url\":\"https:\/\/www.avocat-bonnet.fr\/lyon-villeurbanne\/wp-content\/uploads\/2018\/06\/Defaut-image.jpg\",\"contentUrl\":\"https:\/\/www.avocat-bonnet.fr\/lyon-villeurbanne\/wp-content\/uploads\/2018\/06\/Defaut-image.jpg\",\"width\":300,\"height\":200},{\"@type\":\"BreadcrumbList\",\"@id\":\"https:\/\/www.avocat-bonnet.fr\/lyon-villeurbanne\/ordi-au-travail-attention-a-la-confidentialite\/#breadcrumb\",\"itemListElement\":[{\"@type\":\"ListItem\",\"position\":1,\"name\":\"Accueil\",\"item\":\"https:\/\/www.avocat-bonnet.fr\/lyon-villeurbanne\/\"},{\"@type\":\"ListItem\",\"position\":2,\"name\":\"DROIT DU TRAVAIL : ordi. au travail et confidentialit\u00e9\"}]},{\"@type\":\"WebSite\",\"@id\":\"https:\/\/www.avocat-bonnet.fr\/lyon-villeurbanne\/#website\",\"url\":\"https:\/\/www.avocat-bonnet.fr\/lyon-villeurbanne\/\",\"name\":\"Nicolas Bonnet - Avocat Lyon et Villeurbanne, divorce, droit m\u00e9dical, travail, litiges de la consommation...\",\"description\":\"Un cabinet d&#039;avocat d\u00e9di\u00e9 au droit des particuliers, commer\u00e7ants et petites entreprises...\",\"publisher\":{\"@id\":\"https:\/\/www.avocat-bonnet.fr\/lyon-villeurbanne\/#\/schema\/person\/53ccc962871a33e31889adc918b8794d\"},\"potentialAction\":[{\"@type\":\"SearchAction\",\"target\":{\"@type\":\"EntryPoint\",\"urlTemplate\":\"https:\/\/www.avocat-bonnet.fr\/lyon-villeurbanne\/?s={search_term_string}\"},\"query-input\":\"required name=search_term_string\"}],\"inLanguage\":\"fr-FR\"},{\"@type\":[\"Person\",\"Organization\"],\"@id\":\"https:\/\/www.avocat-bonnet.fr\/lyon-villeurbanne\/#\/schema\/person\/53ccc962871a33e31889adc918b8794d\",\"name\":\"Nicolas Bonnet\",\"logo\":{\"@id\":\"https:\/\/www.avocat-bonnet.fr\/lyon-villeurbanne\/#\/schema\/person\/image\/\"},\"url\":\"https:\/\/www.avocat-bonnet.fr\/lyon-villeurbanne\/author\/nbonnet\/\"}]}<\/script>\n<!-- \/ Yoast SEO plugin. -->","yoast_head_json":{"title":"DROIT DU TRAVAIL : ordi. au travail et confidentialit\u00e9 - Nicolas Bonnet - Avocat Lyon et Villeurbanne, divorce, droit m\u00e9dical, travail, litiges de la consommation...","robots":{"index":"index","follow":"follow","max-snippet":"max-snippet:-1","max-image-preview":"max-image-preview:large","max-video-preview":"max-video-preview:-1"},"canonical":"https:\/\/www.avocat-bonnet.fr\/lyon-villeurbanne\/ordi-au-travail-attention-a-la-confidentialite\/","og_locale":"fr_FR","og_type":"article","og_title":"DROIT DU TRAVAIL : ordi. au travail et confidentialit\u00e9 - Nicolas Bonnet - Avocat Lyon et Villeurbanne, divorce, droit m\u00e9dical, travail, litiges de la consommation...","og_description":"Dans\u00a0un arr\u00eat du du 11 juillet 2012, la chambre sociale de la Cour de cassation &#8211; plus haute juridiction de l&rsquo;ordre judiciaire, qui appr\u00e9cie la bonne application du droit par les cours d&rsquo;appel &#8211; a d\u00e9cid\u00e9 que le contenu du disque dur de l&rsquo;ordinateur de travail d&rsquo;un salari\u00e9 \u00e9tant pr\u00e9sum\u00e9 li\u00e9 au travail, l&#8217;employeur y [&hellip;]","og_url":"https:\/\/www.avocat-bonnet.fr\/lyon-villeurbanne\/ordi-au-travail-attention-a-la-confidentialite\/","og_site_name":"Nicolas Bonnet - Avocat Lyon et Villeurbanne, divorce, droit m\u00e9dical, travail, litiges de la consommation...","article_published_time":"2012-10-15T17:45:16+00:00","og_image":[{"width":300,"height":200,"url":"https:\/\/www.avocat-bonnet.fr\/lyon-villeurbanne\/wp-content\/uploads\/2018\/06\/Defaut-image.jpg","type":"image\/jpeg"}],"author":"Nicolas Bonnet","twitter_card":"summary_large_image","twitter_misc":{"\u00c9crit par":"Nicolas Bonnet","Dur\u00e9e de lecture estim\u00e9e":"1 minute"},"schema":{"@context":"https:\/\/schema.org","@graph":[{"@type":"Article","@id":"https:\/\/www.avocat-bonnet.fr\/lyon-villeurbanne\/ordi-au-travail-attention-a-la-confidentialite\/#article","isPartOf":{"@id":"https:\/\/www.avocat-bonnet.fr\/lyon-villeurbanne\/ordi-au-travail-attention-a-la-confidentialite\/"},"author":{"name":"Nicolas Bonnet","@id":"https:\/\/www.avocat-bonnet.fr\/lyon-villeurbanne\/#\/schema\/person\/53ccc962871a33e31889adc918b8794d"},"headline":"DROIT DU TRAVAIL : ordi. au travail et confidentialit\u00e9","datePublished":"2012-10-15T17:45:16+00:00","dateModified":"2012-10-15T17:45:16+00:00","mainEntityOfPage":{"@id":"https:\/\/www.avocat-bonnet.fr\/lyon-villeurbanne\/ordi-au-travail-attention-a-la-confidentialite\/"},"wordCount":189,"commentCount":1,"publisher":{"@id":"https:\/\/www.avocat-bonnet.fr\/lyon-villeurbanne\/#\/schema\/person\/53ccc962871a33e31889adc918b8794d"},"image":{"@id":"https:\/\/www.avocat-bonnet.fr\/lyon-villeurbanne\/ordi-au-travail-attention-a-la-confidentialite\/#primaryimage"},"thumbnailUrl":"https:\/\/www.avocat-bonnet.fr\/lyon-villeurbanne\/wp-content\/uploads\/2018\/06\/Defaut-image.jpg","keywords":["avocat Lyon","cabinet d'avocat","licenciements"],"articleSection":["Les avocats"],"inLanguage":"fr-FR","potentialAction":[{"@type":"CommentAction","name":"Comment","target":["https:\/\/www.avocat-bonnet.fr\/lyon-villeurbanne\/ordi-au-travail-attention-a-la-confidentialite\/#respond"]}]},{"@type":"WebPage","@id":"https:\/\/www.avocat-bonnet.fr\/lyon-villeurbanne\/ordi-au-travail-attention-a-la-confidentialite\/","url":"https:\/\/www.avocat-bonnet.fr\/lyon-villeurbanne\/ordi-au-travail-attention-a-la-confidentialite\/","name":"DROIT DU TRAVAIL : ordi. au travail et confidentialit\u00e9 - Nicolas Bonnet - Avocat Lyon et Villeurbanne, divorce, droit m\u00e9dical, travail, litiges de la consommation...","isPartOf":{"@id":"https:\/\/www.avocat-bonnet.fr\/lyon-villeurbanne\/#website"},"primaryImageOfPage":{"@id":"https:\/\/www.avocat-bonnet.fr\/lyon-villeurbanne\/ordi-au-travail-attention-a-la-confidentialite\/#primaryimage"},"image":{"@id":"https:\/\/www.avocat-bonnet.fr\/lyon-villeurbanne\/ordi-au-travail-attention-a-la-confidentialite\/#primaryimage"},"thumbnailUrl":"https:\/\/www.avocat-bonnet.fr\/lyon-villeurbanne\/wp-content\/uploads\/2018\/06\/Defaut-image.jpg","datePublished":"2012-10-15T17:45:16+00:00","dateModified":"2012-10-15T17:45:16+00:00","breadcrumb":{"@id":"https:\/\/www.avocat-bonnet.fr\/lyon-villeurbanne\/ordi-au-travail-attention-a-la-confidentialite\/#breadcrumb"},"inLanguage":"fr-FR","potentialAction":[{"@type":"ReadAction","target":["https:\/\/www.avocat-bonnet.fr\/lyon-villeurbanne\/ordi-au-travail-attention-a-la-confidentialite\/"]}]},{"@type":"ImageObject","inLanguage":"fr-FR","@id":"https:\/\/www.avocat-bonnet.fr\/lyon-villeurbanne\/ordi-au-travail-attention-a-la-confidentialite\/#primaryimage","url":"https:\/\/www.avocat-bonnet.fr\/lyon-villeurbanne\/wp-content\/uploads\/2018\/06\/Defaut-image.jpg","contentUrl":"https:\/\/www.avocat-bonnet.fr\/lyon-villeurbanne\/wp-content\/uploads\/2018\/06\/Defaut-image.jpg","width":300,"height":200},{"@type":"BreadcrumbList","@id":"https:\/\/www.avocat-bonnet.fr\/lyon-villeurbanne\/ordi-au-travail-attention-a-la-confidentialite\/#breadcrumb","itemListElement":[{"@type":"ListItem","position":1,"name":"Accueil","item":"https:\/\/www.avocat-bonnet.fr\/lyon-villeurbanne\/"},{"@type":"ListItem","position":2,"name":"DROIT DU TRAVAIL : ordi. au travail et confidentialit\u00e9"}]},{"@type":"WebSite","@id":"https:\/\/www.avocat-bonnet.fr\/lyon-villeurbanne\/#website","url":"https:\/\/www.avocat-bonnet.fr\/lyon-villeurbanne\/","name":"Nicolas Bonnet - Avocat Lyon et Villeurbanne, divorce, droit m\u00e9dical, travail, litiges de la consommation...","description":"Un cabinet d&#039;avocat d\u00e9di\u00e9 au droit des particuliers, commer\u00e7ants et petites entreprises...","publisher":{"@id":"https:\/\/www.avocat-bonnet.fr\/lyon-villeurbanne\/#\/schema\/person\/53ccc962871a33e31889adc918b8794d"},"potentialAction":[{"@type":"SearchAction","target":{"@type":"EntryPoint","urlTemplate":"https:\/\/www.avocat-bonnet.fr\/lyon-villeurbanne\/?s={search_term_string}"},"query-input":"required name=search_term_string"}],"inLanguage":"fr-FR"},{"@type":["Person","Organization"],"@id":"https:\/\/www.avocat-bonnet.fr\/lyon-villeurbanne\/#\/schema\/person\/53ccc962871a33e31889adc918b8794d","name":"Nicolas Bonnet","logo":{"@id":"https:\/\/www.avocat-bonnet.fr\/lyon-villeurbanne\/#\/schema\/person\/image\/"},"url":"https:\/\/www.avocat-bonnet.fr\/lyon-villeurbanne\/author\/nbonnet\/"}]}},"_links":{"self":[{"href":"https:\/\/www.avocat-bonnet.fr\/lyon-villeurbanne\/wp-json\/wp\/v2\/posts\/302"}],"collection":[{"href":"https:\/\/www.avocat-bonnet.fr\/lyon-villeurbanne\/wp-json\/wp\/v2\/posts"}],"about":[{"href":"https:\/\/www.avocat-bonnet.fr\/lyon-villeurbanne\/wp-json\/wp\/v2\/types\/post"}],"author":[{"embeddable":true,"href":"https:\/\/www.avocat-bonnet.fr\/lyon-villeurbanne\/wp-json\/wp\/v2\/users\/4"}],"replies":[{"embeddable":true,"href":"https:\/\/www.avocat-bonnet.fr\/lyon-villeurbanne\/wp-json\/wp\/v2\/comments?post=302"}],"version-history":[{"count":0,"href":"https:\/\/www.avocat-bonnet.fr\/lyon-villeurbanne\/wp-json\/wp\/v2\/posts\/302\/revisions"}],"wp:featuredmedia":[{"embeddable":true,"href":"https:\/\/www.avocat-bonnet.fr\/lyon-villeurbanne\/wp-json\/wp\/v2\/media\/1562"}],"wp:attachment":[{"href":"https:\/\/www.avocat-bonnet.fr\/lyon-villeurbanne\/wp-json\/wp\/v2\/media?parent=302"}],"wp:term":[{"taxonomy":"category","embeddable":true,"href":"https:\/\/www.avocat-bonnet.fr\/lyon-villeurbanne\/wp-json\/wp\/v2\/categories?post=302"},{"taxonomy":"post_tag","embeddable":true,"href":"https:\/\/www.avocat-bonnet.fr\/lyon-villeurbanne\/wp-json\/wp\/v2\/tags?post=302"}],"curies":[{"name":"wp","href":"https:\/\/api.w.org\/{rel}","templated":true}]}}