{"id":207,"date":"2012-10-08T10:22:59","date_gmt":"2012-10-08T09:22:59","guid":{"rendered":"http:\/\/www.avocat-bonnet.fr\/lesite\/?p=207"},"modified":"2018-09-18T08:59:45","modified_gmt":"2018-09-18T06:59:45","slug":"garde-a-vue-avancee-dela-loi","status":"publish","type":"post","link":"https:\/\/www.avocat-bonnet.fr\/lyon-villeurbanne\/garde-a-vue-avancee-dela-loi\/","title":{"rendered":"GARDE \u00c0 VUE : La cour de cassation limite les avanc\u00e9es de la loi."},"content":{"rendered":"<p>La garde \u00e0 vue est une mesure coercitive permettant aux forces de police (police nationale et gendarmerie) de retenir un suspect dans leurs locaux pour les besoins de l&rsquo;enqu\u00eate.<br \/>\nDepuis 1993, la personne gard\u00e9e \u00e0 vue a le droit, en d\u00e9but de garde \u00e0 vue, \u00e0 un entretien avec un avocat d&rsquo;une demie heure au maximum.<br \/>\nAu terme d&rsquo;une longue lutte au nom du droit au proc\u00e8s \u00e9quitable, les avocats ont obtenu du l\u00e9gislateur, en 2011, le droit d&rsquo;assister leurs clients au cours de leurs auditions, en ayant pr\u00e9alablement acc\u00e8s aux pi\u00e8ces du dossier relatives \u00e0 la garde \u00e0 vue.<br \/>\nFaute que la loi ait pr\u00e9cis\u00e9 la liste des pi\u00e8ces du dossier\u00a0 communicables \u00e0 l&rsquo;avocat, une controverse juridique s&rsquo;est instaur\u00e9e, les avocats revendiquant le droit d&rsquo;acc\u00e8s \u00e0 toutes les pi\u00e8ces du dossier, et les autorit\u00e9s de police et les procureurs estimant que ce droit d&rsquo;acc\u00e8s \u00e9tait limit\u00e9 aux seuls proc\u00e8s-verbaux strictement relatifs \u00e0 la mesure de garde \u00e0 vue, \u00e0 l&rsquo;exclusion de ceux relatifs au fond de l&rsquo;affaire.<br \/>\nLas, dans une d\u00e9cision r\u00e9cente, le Conseil constitutionnel a tranch\u00e9 dans le sens restrictif, en disant que n&rsquo;\u00e9taient communicables \u00e0 l&rsquo;avocat que les proc\u00e8s-verbaux de notification de la mesure de garde \u00e0 vue \u00e0 l&rsquo;int\u00e9ress\u00e9 et ceux de ses auditions.<br \/>\nLes diff\u00e9rentes avanc\u00e9es en mati\u00e8re de droits de la d\u00e9fense en garde \u00e0 vue ont souvent \u00e9t\u00e9 permises en France par la n\u00e9cessit\u00e9 de se conformer aux normes europ\u00e9ennes ; peut-\u00eatre en sera-t-il ainsi un jour pour la communication de l&rsquo;ensemble du dossier au d\u00e9fenseur.<\/p>\n<p>Ma\u00eetre Nicolas Bonnet, avocat au barreau de Lyon<\/p>\n","protected":false},"excerpt":{"rendered":"<p>La garde \u00e0 vue est une mesure coercitive permettant aux forces de police (police nationale et gendarmerie) de retenir un suspect dans leurs locaux pour les besoins de l&rsquo;enqu\u00eate. Depuis 1993, la personne gard\u00e9e \u00e0 vue a le droit, en d\u00e9but de garde \u00e0 vue, \u00e0 un entretien avec un avocat d&rsquo;une demie heure au [&hellip;]<\/p>\n","protected":false},"author":4,"featured_media":1562,"comment_status":"open","ping_status":"open","sticky":false,"template":"","format":"standard","meta":{"_et_pb_use_builder":"","_et_pb_old_content":"","_et_gb_content_width":"","footnotes":""},"categories":[4],"tags":[9,11,23],"yoast_head":"<!-- This site is optimized with the Yoast SEO plugin v22.3 - https:\/\/yoast.com\/wordpress\/plugins\/seo\/ -->\n<title>GARDE \u00c0 VUE : La cour de cassation limite les avanc\u00e9es de la loi. - Nicolas Bonnet - Avocat Lyon et Villeurbanne, divorce, droit m\u00e9dical, travail, litiges de la consommation...<\/title>\n<meta name=\"description\" content=\"Au nom du droit au proc\u00e8s \u00e9quitable, les avocats ont obtenu, le droit d&#039;assister leurs clients au cours de leurs auditions de garde \u00e0 vue.\" \/>\n<meta name=\"robots\" content=\"index, follow, max-snippet:-1, max-image-preview:large, max-video-preview:-1\" \/>\n<link rel=\"canonical\" href=\"https:\/\/www.avocat-bonnet.fr\/lyon-villeurbanne\/garde-a-vue-avancee-dela-loi\/\" \/>\n<meta property=\"og:locale\" content=\"fr_FR\" \/>\n<meta property=\"og:type\" content=\"article\" \/>\n<meta property=\"og:title\" content=\"GARDE \u00c0 VUE : La cour de cassation limite les avanc\u00e9es de la loi. - Nicolas Bonnet - Avocat Lyon et Villeurbanne, divorce, droit m\u00e9dical, travail, litiges de la consommation...\" \/>\n<meta property=\"og:description\" content=\"Au nom du droit au proc\u00e8s \u00e9quitable, les avocats ont obtenu, le droit d&#039;assister leurs clients au cours de leurs auditions de garde \u00e0 vue.\" \/>\n<meta property=\"og:url\" content=\"https:\/\/www.avocat-bonnet.fr\/lyon-villeurbanne\/garde-a-vue-avancee-dela-loi\/\" \/>\n<meta property=\"og:site_name\" content=\"Nicolas Bonnet - Avocat Lyon et Villeurbanne, divorce, droit m\u00e9dical, travail, litiges de la consommation...\" \/>\n<meta property=\"article:published_time\" content=\"2012-10-08T09:22:59+00:00\" \/>\n<meta property=\"article:modified_time\" content=\"2018-09-18T06:59:45+00:00\" \/>\n<meta property=\"og:image\" content=\"https:\/\/www.avocat-bonnet.fr\/lyon-villeurbanne\/wp-content\/uploads\/2018\/06\/Defaut-image.jpg\" \/>\n\t<meta property=\"og:image:width\" content=\"300\" \/>\n\t<meta property=\"og:image:height\" content=\"200\" \/>\n\t<meta property=\"og:image:type\" content=\"image\/jpeg\" \/>\n<meta name=\"author\" content=\"Nicolas Bonnet\" \/>\n<meta name=\"twitter:card\" content=\"summary_large_image\" \/>\n<meta name=\"twitter:label1\" content=\"\u00c9crit par\" \/>\n\t<meta name=\"twitter:data1\" content=\"Nicolas Bonnet\" \/>\n\t<meta name=\"twitter:label2\" content=\"Dur\u00e9e de lecture estim\u00e9e\" \/>\n\t<meta name=\"twitter:data2\" content=\"1 minute\" \/>\n<script type=\"application\/ld+json\" class=\"yoast-schema-graph\">{\"@context\":\"https:\/\/schema.org\",\"@graph\":[{\"@type\":\"Article\",\"@id\":\"https:\/\/www.avocat-bonnet.fr\/lyon-villeurbanne\/garde-a-vue-avancee-dela-loi\/#article\",\"isPartOf\":{\"@id\":\"https:\/\/www.avocat-bonnet.fr\/lyon-villeurbanne\/garde-a-vue-avancee-dela-loi\/\"},\"author\":{\"name\":\"Nicolas Bonnet\",\"@id\":\"https:\/\/www.avocat-bonnet.fr\/lyon-villeurbanne\/#\/schema\/person\/53ccc962871a33e31889adc918b8794d\"},\"headline\":\"GARDE \u00c0 VUE : La cour de cassation limite les avanc\u00e9es de la loi.\",\"datePublished\":\"2012-10-08T09:22:59+00:00\",\"dateModified\":\"2018-09-18T06:59:45+00:00\",\"mainEntityOfPage\":{\"@id\":\"https:\/\/www.avocat-bonnet.fr\/lyon-villeurbanne\/garde-a-vue-avancee-dela-loi\/\"},\"wordCount\":299,\"commentCount\":0,\"publisher\":{\"@id\":\"https:\/\/www.avocat-bonnet.fr\/lyon-villeurbanne\/#\/schema\/person\/53ccc962871a33e31889adc918b8794d\"},\"image\":{\"@id\":\"https:\/\/www.avocat-bonnet.fr\/lyon-villeurbanne\/garde-a-vue-avancee-dela-loi\/#primaryimage\"},\"thumbnailUrl\":\"https:\/\/www.avocat-bonnet.fr\/lyon-villeurbanne\/wp-content\/uploads\/2018\/06\/Defaut-image.jpg\",\"keywords\":[\"avocat Lyon\",\"cabinet d'avocat\",\"garde \u00e0 vue\"],\"articleSection\":[\"Les avocats\"],\"inLanguage\":\"fr-FR\",\"potentialAction\":[{\"@type\":\"CommentAction\",\"name\":\"Comment\",\"target\":[\"https:\/\/www.avocat-bonnet.fr\/lyon-villeurbanne\/garde-a-vue-avancee-dela-loi\/#respond\"]}]},{\"@type\":\"WebPage\",\"@id\":\"https:\/\/www.avocat-bonnet.fr\/lyon-villeurbanne\/garde-a-vue-avancee-dela-loi\/\",\"url\":\"https:\/\/www.avocat-bonnet.fr\/lyon-villeurbanne\/garde-a-vue-avancee-dela-loi\/\",\"name\":\"GARDE \u00c0 VUE : La cour de cassation limite les avanc\u00e9es de la loi. - Nicolas Bonnet - Avocat Lyon et Villeurbanne, divorce, droit m\u00e9dical, travail, litiges de la consommation...\",\"isPartOf\":{\"@id\":\"https:\/\/www.avocat-bonnet.fr\/lyon-villeurbanne\/#website\"},\"primaryImageOfPage\":{\"@id\":\"https:\/\/www.avocat-bonnet.fr\/lyon-villeurbanne\/garde-a-vue-avancee-dela-loi\/#primaryimage\"},\"image\":{\"@id\":\"https:\/\/www.avocat-bonnet.fr\/lyon-villeurbanne\/garde-a-vue-avancee-dela-loi\/#primaryimage\"},\"thumbnailUrl\":\"https:\/\/www.avocat-bonnet.fr\/lyon-villeurbanne\/wp-content\/uploads\/2018\/06\/Defaut-image.jpg\",\"datePublished\":\"2012-10-08T09:22:59+00:00\",\"dateModified\":\"2018-09-18T06:59:45+00:00\",\"description\":\"Au nom du droit au proc\u00e8s \u00e9quitable, les avocats ont obtenu, le droit d'assister leurs clients au cours de leurs auditions de garde \u00e0 vue.\",\"breadcrumb\":{\"@id\":\"https:\/\/www.avocat-bonnet.fr\/lyon-villeurbanne\/garde-a-vue-avancee-dela-loi\/#breadcrumb\"},\"inLanguage\":\"fr-FR\",\"potentialAction\":[{\"@type\":\"ReadAction\",\"target\":[\"https:\/\/www.avocat-bonnet.fr\/lyon-villeurbanne\/garde-a-vue-avancee-dela-loi\/\"]}]},{\"@type\":\"ImageObject\",\"inLanguage\":\"fr-FR\",\"@id\":\"https:\/\/www.avocat-bonnet.fr\/lyon-villeurbanne\/garde-a-vue-avancee-dela-loi\/#primaryimage\",\"url\":\"https:\/\/www.avocat-bonnet.fr\/lyon-villeurbanne\/wp-content\/uploads\/2018\/06\/Defaut-image.jpg\",\"contentUrl\":\"https:\/\/www.avocat-bonnet.fr\/lyon-villeurbanne\/wp-content\/uploads\/2018\/06\/Defaut-image.jpg\",\"width\":300,\"height\":200},{\"@type\":\"BreadcrumbList\",\"@id\":\"https:\/\/www.avocat-bonnet.fr\/lyon-villeurbanne\/garde-a-vue-avancee-dela-loi\/#breadcrumb\",\"itemListElement\":[{\"@type\":\"ListItem\",\"position\":1,\"name\":\"Accueil\",\"item\":\"https:\/\/www.avocat-bonnet.fr\/lyon-villeurbanne\/\"},{\"@type\":\"ListItem\",\"position\":2,\"name\":\"GARDE \u00c0 VUE : La cour de cassation limite les avanc\u00e9es de la loi.\"}]},{\"@type\":\"WebSite\",\"@id\":\"https:\/\/www.avocat-bonnet.fr\/lyon-villeurbanne\/#website\",\"url\":\"https:\/\/www.avocat-bonnet.fr\/lyon-villeurbanne\/\",\"name\":\"Nicolas Bonnet - Avocat Lyon et Villeurbanne, divorce, droit m\u00e9dical, travail, litiges de la consommation...\",\"description\":\"Un cabinet d&#039;avocat d\u00e9di\u00e9 au droit des particuliers, commer\u00e7ants et petites entreprises...\",\"publisher\":{\"@id\":\"https:\/\/www.avocat-bonnet.fr\/lyon-villeurbanne\/#\/schema\/person\/53ccc962871a33e31889adc918b8794d\"},\"potentialAction\":[{\"@type\":\"SearchAction\",\"target\":{\"@type\":\"EntryPoint\",\"urlTemplate\":\"https:\/\/www.avocat-bonnet.fr\/lyon-villeurbanne\/?s={search_term_string}\"},\"query-input\":\"required name=search_term_string\"}],\"inLanguage\":\"fr-FR\"},{\"@type\":[\"Person\",\"Organization\"],\"@id\":\"https:\/\/www.avocat-bonnet.fr\/lyon-villeurbanne\/#\/schema\/person\/53ccc962871a33e31889adc918b8794d\",\"name\":\"Nicolas Bonnet\",\"logo\":{\"@id\":\"https:\/\/www.avocat-bonnet.fr\/lyon-villeurbanne\/#\/schema\/person\/image\/\"},\"url\":\"https:\/\/www.avocat-bonnet.fr\/lyon-villeurbanne\/author\/nbonnet\/\"}]}<\/script>\n<!-- \/ Yoast SEO plugin. -->","yoast_head_json":{"title":"GARDE \u00c0 VUE : La cour de cassation limite les avanc\u00e9es de la loi. - Nicolas Bonnet - Avocat Lyon et Villeurbanne, divorce, droit m\u00e9dical, travail, litiges de la consommation...","description":"Au nom du droit au proc\u00e8s \u00e9quitable, les avocats ont obtenu, le droit d'assister leurs clients au cours de leurs auditions de garde \u00e0 vue.","robots":{"index":"index","follow":"follow","max-snippet":"max-snippet:-1","max-image-preview":"max-image-preview:large","max-video-preview":"max-video-preview:-1"},"canonical":"https:\/\/www.avocat-bonnet.fr\/lyon-villeurbanne\/garde-a-vue-avancee-dela-loi\/","og_locale":"fr_FR","og_type":"article","og_title":"GARDE \u00c0 VUE : La cour de cassation limite les avanc\u00e9es de la loi. - Nicolas Bonnet - Avocat Lyon et Villeurbanne, divorce, droit m\u00e9dical, travail, litiges de la consommation...","og_description":"Au nom du droit au proc\u00e8s \u00e9quitable, les avocats ont obtenu, le droit d'assister leurs clients au cours de leurs auditions de garde \u00e0 vue.","og_url":"https:\/\/www.avocat-bonnet.fr\/lyon-villeurbanne\/garde-a-vue-avancee-dela-loi\/","og_site_name":"Nicolas Bonnet - Avocat Lyon et Villeurbanne, divorce, droit m\u00e9dical, travail, litiges de la consommation...","article_published_time":"2012-10-08T09:22:59+00:00","article_modified_time":"2018-09-18T06:59:45+00:00","og_image":[{"width":300,"height":200,"url":"https:\/\/www.avocat-bonnet.fr\/lyon-villeurbanne\/wp-content\/uploads\/2018\/06\/Defaut-image.jpg","type":"image\/jpeg"}],"author":"Nicolas Bonnet","twitter_card":"summary_large_image","twitter_misc":{"\u00c9crit par":"Nicolas Bonnet","Dur\u00e9e de lecture estim\u00e9e":"1 minute"},"schema":{"@context":"https:\/\/schema.org","@graph":[{"@type":"Article","@id":"https:\/\/www.avocat-bonnet.fr\/lyon-villeurbanne\/garde-a-vue-avancee-dela-loi\/#article","isPartOf":{"@id":"https:\/\/www.avocat-bonnet.fr\/lyon-villeurbanne\/garde-a-vue-avancee-dela-loi\/"},"author":{"name":"Nicolas Bonnet","@id":"https:\/\/www.avocat-bonnet.fr\/lyon-villeurbanne\/#\/schema\/person\/53ccc962871a33e31889adc918b8794d"},"headline":"GARDE \u00c0 VUE : La cour de cassation limite les avanc\u00e9es de la loi.","datePublished":"2012-10-08T09:22:59+00:00","dateModified":"2018-09-18T06:59:45+00:00","mainEntityOfPage":{"@id":"https:\/\/www.avocat-bonnet.fr\/lyon-villeurbanne\/garde-a-vue-avancee-dela-loi\/"},"wordCount":299,"commentCount":0,"publisher":{"@id":"https:\/\/www.avocat-bonnet.fr\/lyon-villeurbanne\/#\/schema\/person\/53ccc962871a33e31889adc918b8794d"},"image":{"@id":"https:\/\/www.avocat-bonnet.fr\/lyon-villeurbanne\/garde-a-vue-avancee-dela-loi\/#primaryimage"},"thumbnailUrl":"https:\/\/www.avocat-bonnet.fr\/lyon-villeurbanne\/wp-content\/uploads\/2018\/06\/Defaut-image.jpg","keywords":["avocat Lyon","cabinet d'avocat","garde \u00e0 vue"],"articleSection":["Les avocats"],"inLanguage":"fr-FR","potentialAction":[{"@type":"CommentAction","name":"Comment","target":["https:\/\/www.avocat-bonnet.fr\/lyon-villeurbanne\/garde-a-vue-avancee-dela-loi\/#respond"]}]},{"@type":"WebPage","@id":"https:\/\/www.avocat-bonnet.fr\/lyon-villeurbanne\/garde-a-vue-avancee-dela-loi\/","url":"https:\/\/www.avocat-bonnet.fr\/lyon-villeurbanne\/garde-a-vue-avancee-dela-loi\/","name":"GARDE \u00c0 VUE : La cour de cassation limite les avanc\u00e9es de la loi. - Nicolas Bonnet - Avocat Lyon et Villeurbanne, divorce, droit m\u00e9dical, travail, litiges de la consommation...","isPartOf":{"@id":"https:\/\/www.avocat-bonnet.fr\/lyon-villeurbanne\/#website"},"primaryImageOfPage":{"@id":"https:\/\/www.avocat-bonnet.fr\/lyon-villeurbanne\/garde-a-vue-avancee-dela-loi\/#primaryimage"},"image":{"@id":"https:\/\/www.avocat-bonnet.fr\/lyon-villeurbanne\/garde-a-vue-avancee-dela-loi\/#primaryimage"},"thumbnailUrl":"https:\/\/www.avocat-bonnet.fr\/lyon-villeurbanne\/wp-content\/uploads\/2018\/06\/Defaut-image.jpg","datePublished":"2012-10-08T09:22:59+00:00","dateModified":"2018-09-18T06:59:45+00:00","description":"Au nom du droit au proc\u00e8s \u00e9quitable, les avocats ont obtenu, le droit d'assister leurs clients au cours de leurs auditions de garde \u00e0 vue.","breadcrumb":{"@id":"https:\/\/www.avocat-bonnet.fr\/lyon-villeurbanne\/garde-a-vue-avancee-dela-loi\/#breadcrumb"},"inLanguage":"fr-FR","potentialAction":[{"@type":"ReadAction","target":["https:\/\/www.avocat-bonnet.fr\/lyon-villeurbanne\/garde-a-vue-avancee-dela-loi\/"]}]},{"@type":"ImageObject","inLanguage":"fr-FR","@id":"https:\/\/www.avocat-bonnet.fr\/lyon-villeurbanne\/garde-a-vue-avancee-dela-loi\/#primaryimage","url":"https:\/\/www.avocat-bonnet.fr\/lyon-villeurbanne\/wp-content\/uploads\/2018\/06\/Defaut-image.jpg","contentUrl":"https:\/\/www.avocat-bonnet.fr\/lyon-villeurbanne\/wp-content\/uploads\/2018\/06\/Defaut-image.jpg","width":300,"height":200},{"@type":"BreadcrumbList","@id":"https:\/\/www.avocat-bonnet.fr\/lyon-villeurbanne\/garde-a-vue-avancee-dela-loi\/#breadcrumb","itemListElement":[{"@type":"ListItem","position":1,"name":"Accueil","item":"https:\/\/www.avocat-bonnet.fr\/lyon-villeurbanne\/"},{"@type":"ListItem","position":2,"name":"GARDE \u00c0 VUE : La cour de cassation limite les avanc\u00e9es de la loi."}]},{"@type":"WebSite","@id":"https:\/\/www.avocat-bonnet.fr\/lyon-villeurbanne\/#website","url":"https:\/\/www.avocat-bonnet.fr\/lyon-villeurbanne\/","name":"Nicolas Bonnet - Avocat Lyon et Villeurbanne, divorce, droit m\u00e9dical, travail, litiges de la consommation...","description":"Un cabinet d&#039;avocat d\u00e9di\u00e9 au droit des particuliers, commer\u00e7ants et petites entreprises...","publisher":{"@id":"https:\/\/www.avocat-bonnet.fr\/lyon-villeurbanne\/#\/schema\/person\/53ccc962871a33e31889adc918b8794d"},"potentialAction":[{"@type":"SearchAction","target":{"@type":"EntryPoint","urlTemplate":"https:\/\/www.avocat-bonnet.fr\/lyon-villeurbanne\/?s={search_term_string}"},"query-input":"required name=search_term_string"}],"inLanguage":"fr-FR"},{"@type":["Person","Organization"],"@id":"https:\/\/www.avocat-bonnet.fr\/lyon-villeurbanne\/#\/schema\/person\/53ccc962871a33e31889adc918b8794d","name":"Nicolas Bonnet","logo":{"@id":"https:\/\/www.avocat-bonnet.fr\/lyon-villeurbanne\/#\/schema\/person\/image\/"},"url":"https:\/\/www.avocat-bonnet.fr\/lyon-villeurbanne\/author\/nbonnet\/"}]}},"_links":{"self":[{"href":"https:\/\/www.avocat-bonnet.fr\/lyon-villeurbanne\/wp-json\/wp\/v2\/posts\/207"}],"collection":[{"href":"https:\/\/www.avocat-bonnet.fr\/lyon-villeurbanne\/wp-json\/wp\/v2\/posts"}],"about":[{"href":"https:\/\/www.avocat-bonnet.fr\/lyon-villeurbanne\/wp-json\/wp\/v2\/types\/post"}],"author":[{"embeddable":true,"href":"https:\/\/www.avocat-bonnet.fr\/lyon-villeurbanne\/wp-json\/wp\/v2\/users\/4"}],"replies":[{"embeddable":true,"href":"https:\/\/www.avocat-bonnet.fr\/lyon-villeurbanne\/wp-json\/wp\/v2\/comments?post=207"}],"version-history":[{"count":0,"href":"https:\/\/www.avocat-bonnet.fr\/lyon-villeurbanne\/wp-json\/wp\/v2\/posts\/207\/revisions"}],"wp:featuredmedia":[{"embeddable":true,"href":"https:\/\/www.avocat-bonnet.fr\/lyon-villeurbanne\/wp-json\/wp\/v2\/media\/1562"}],"wp:attachment":[{"href":"https:\/\/www.avocat-bonnet.fr\/lyon-villeurbanne\/wp-json\/wp\/v2\/media?parent=207"}],"wp:term":[{"taxonomy":"category","embeddable":true,"href":"https:\/\/www.avocat-bonnet.fr\/lyon-villeurbanne\/wp-json\/wp\/v2\/categories?post=207"},{"taxonomy":"post_tag","embeddable":true,"href":"https:\/\/www.avocat-bonnet.fr\/lyon-villeurbanne\/wp-json\/wp\/v2\/tags?post=207"}],"curies":[{"name":"wp","href":"https:\/\/api.w.org\/{rel}","templated":true}]}}