{"id":1079,"date":"2013-09-13T15:57:47","date_gmt":"2013-09-13T14:57:47","guid":{"rendered":"http:\/\/www.avocat-bonnet.fr\/lesite\/?p=1079"},"modified":"2013-09-13T15:57:47","modified_gmt":"2013-09-13T14:57:47","slug":"regimes-matrimoniaux-a-propos-des-depenses-de-logement","status":"publish","type":"post","link":"https:\/\/www.avocat-bonnet.fr\/lyon-villeurbanne\/regimes-matrimoniaux-a-propos-des-depenses-de-logement\/","title":{"rendered":"REGIMES MATRIMONIAUX : \u00e0 propos des d\u00e9penses de logement"},"content":{"rendered":"<p>Chacun des \u00e9poux doit contribuer aux charges du mariage &#8211; dont la principale est le logement -, en proportion de ses facult\u00e9s contributives.<br \/>\nCe principe imp\u00e9ratif ne saurait \u00eatre mis en \u00e9chec par le droit r\u00e9gissant les rapports patrimoniaux des \u00e9poux, r\u00e9gl\u00e9s par leur r\u00e9gime matrimonial ; c&rsquo;est en substance l&rsquo;enseignement que la Cour de cassation a donn\u00e9 dans un arr\u00eat r\u00e9cent.<br \/>\nUn couple \u00e9tait mari\u00e9 sous le r\u00e9gime de la s\u00e9paration de biens et \u00e9tait par ailleurs propri\u00e9taire indivis du logement familial, acquis \u00e0 l&rsquo;aide d&rsquo;un emprunt et qui avait fait l&rsquo;objet de travaux de r\u00e9novation.<br \/>\nApr\u00e8s le <a href=\"http:\/\/www.avocat-bonnet.fr\/lesite\/les-autres-cas-de-divorces\/\">divorce<\/a>, l&rsquo;ex-\u00e9pouse avait demand\u00e9 \u00e0 l&rsquo;ex-\u00e9poux le paiement d&rsquo;une part des remboursements d&#8217;emprunt et du co\u00fbt des travaux sur le bien indivis, qu&rsquo;il avait seul support\u00e9s, estimant que son ex-conjointe s&rsquo;\u00e9tait indument enrichie \u00e0 son d\u00e9triment.<br \/>\nInfirmant les juges du fond, la Cour de cassation l&rsquo;a d\u00e9bout\u00e9e de ses demandes, estimant que les frais en causes \u00e9tant relatifs au logement de la famille et que par ailleurs, durant la dur\u00e9e de la vie commune, elle avait dispos\u00e9 de revenus deux fois sup\u00e9rieurs \u00e0 ceux de son \u00e9poux, par les d\u00e9penses qu&rsquo;elle avait engag\u00e9es, elle n&rsquo;avait fait que satisfaire \u00e0 son obligation de contribuer aux charges du mariage, \u00e0 proportion de ses facult\u00e9s contributives. <em><strong>Cass. 1\u00e8re, 12 juin 2013, n\u00b0<\/strong><\/em><strong> 11-26.748.<\/strong><\/p>\n<p>Ma\u00eetre Nicolas Bonnet, avocat au barreau de Lyon<\/p>\n","protected":false},"excerpt":{"rendered":"<p>Chacun des \u00e9poux doit contribuer aux charges du mariage &#8211; dont la principale est le logement -, en proportion de ses facult\u00e9s contributives. Ce principe imp\u00e9ratif ne saurait \u00eatre mis en \u00e9chec par le droit r\u00e9gissant les rapports patrimoniaux des \u00e9poux, r\u00e9gl\u00e9s par leur r\u00e9gime matrimonial ; c&rsquo;est en substance l&rsquo;enseignement que la Cour de [&hellip;]<\/p>\n","protected":false},"author":4,"featured_media":1562,"comment_status":"open","ping_status":"open","sticky":false,"template":"","format":"standard","meta":{"_et_pb_use_builder":"","_et_pb_old_content":"","_et_gb_content_width":"","footnotes":""},"categories":[4],"tags":[9,16,17],"yoast_head":"<!-- This site is optimized with the Yoast SEO plugin v22.3 - https:\/\/yoast.com\/wordpress\/plugins\/seo\/ -->\n<title>REGIMES MATRIMONIAUX : \u00e0 propos des d\u00e9penses de logement - Nicolas Bonnet - Avocat Lyon et Villeurbanne, divorce, droit m\u00e9dical, travail, litiges de la consommation...<\/title>\n<meta name=\"robots\" content=\"index, follow, max-snippet:-1, max-image-preview:large, max-video-preview:-1\" \/>\n<link rel=\"canonical\" href=\"https:\/\/www.avocat-bonnet.fr\/lyon-villeurbanne\/regimes-matrimoniaux-a-propos-des-depenses-de-logement\/\" \/>\n<meta property=\"og:locale\" content=\"fr_FR\" \/>\n<meta property=\"og:type\" content=\"article\" \/>\n<meta property=\"og:title\" content=\"REGIMES MATRIMONIAUX : \u00e0 propos des d\u00e9penses de logement - Nicolas Bonnet - Avocat Lyon et Villeurbanne, divorce, droit m\u00e9dical, travail, litiges de la consommation...\" \/>\n<meta property=\"og:description\" content=\"Chacun des \u00e9poux doit contribuer aux charges du mariage &#8211; dont la principale est le logement -, en proportion de ses facult\u00e9s contributives. Ce principe imp\u00e9ratif ne saurait \u00eatre mis en \u00e9chec par le droit r\u00e9gissant les rapports patrimoniaux des \u00e9poux, r\u00e9gl\u00e9s par leur r\u00e9gime matrimonial ; c&rsquo;est en substance l&rsquo;enseignement que la Cour de [&hellip;]\" \/>\n<meta property=\"og:url\" content=\"https:\/\/www.avocat-bonnet.fr\/lyon-villeurbanne\/regimes-matrimoniaux-a-propos-des-depenses-de-logement\/\" \/>\n<meta property=\"og:site_name\" content=\"Nicolas Bonnet - Avocat Lyon et Villeurbanne, divorce, droit m\u00e9dical, travail, litiges de la consommation...\" \/>\n<meta property=\"article:published_time\" content=\"2013-09-13T14:57:47+00:00\" \/>\n<meta property=\"og:image\" content=\"https:\/\/www.avocat-bonnet.fr\/lyon-villeurbanne\/wp-content\/uploads\/2018\/06\/Defaut-image.jpg\" \/>\n\t<meta property=\"og:image:width\" content=\"300\" \/>\n\t<meta property=\"og:image:height\" content=\"200\" \/>\n\t<meta property=\"og:image:type\" content=\"image\/jpeg\" \/>\n<meta name=\"author\" content=\"Nicolas Bonnet\" \/>\n<meta name=\"twitter:card\" content=\"summary_large_image\" \/>\n<meta name=\"twitter:label1\" content=\"\u00c9crit par\" \/>\n\t<meta name=\"twitter:data1\" content=\"Nicolas Bonnet\" \/>\n\t<meta name=\"twitter:label2\" content=\"Dur\u00e9e de lecture estim\u00e9e\" \/>\n\t<meta name=\"twitter:data2\" content=\"1 minute\" \/>\n<script type=\"application\/ld+json\" class=\"yoast-schema-graph\">{\"@context\":\"https:\/\/schema.org\",\"@graph\":[{\"@type\":\"Article\",\"@id\":\"https:\/\/www.avocat-bonnet.fr\/lyon-villeurbanne\/regimes-matrimoniaux-a-propos-des-depenses-de-logement\/#article\",\"isPartOf\":{\"@id\":\"https:\/\/www.avocat-bonnet.fr\/lyon-villeurbanne\/regimes-matrimoniaux-a-propos-des-depenses-de-logement\/\"},\"author\":{\"name\":\"Nicolas Bonnet\",\"@id\":\"https:\/\/www.avocat-bonnet.fr\/lyon-villeurbanne\/#\/schema\/person\/53ccc962871a33e31889adc918b8794d\"},\"headline\":\"REGIMES MATRIMONIAUX : \u00e0 propos des d\u00e9penses de logement\",\"datePublished\":\"2013-09-13T14:57:47+00:00\",\"dateModified\":\"2013-09-13T14:57:47+00:00\",\"mainEntityOfPage\":{\"@id\":\"https:\/\/www.avocat-bonnet.fr\/lyon-villeurbanne\/regimes-matrimoniaux-a-propos-des-depenses-de-logement\/\"},\"wordCount\":266,\"commentCount\":0,\"publisher\":{\"@id\":\"https:\/\/www.avocat-bonnet.fr\/lyon-villeurbanne\/#\/schema\/person\/53ccc962871a33e31889adc918b8794d\"},\"image\":{\"@id\":\"https:\/\/www.avocat-bonnet.fr\/lyon-villeurbanne\/regimes-matrimoniaux-a-propos-des-depenses-de-logement\/#primaryimage\"},\"thumbnailUrl\":\"https:\/\/www.avocat-bonnet.fr\/lyon-villeurbanne\/wp-content\/uploads\/2018\/06\/Defaut-image.jpg\",\"keywords\":[\"avocat Lyon\",\"contribution aux charges du mariage\",\"divorce\"],\"articleSection\":[\"Les avocats\"],\"inLanguage\":\"fr-FR\",\"potentialAction\":[{\"@type\":\"CommentAction\",\"name\":\"Comment\",\"target\":[\"https:\/\/www.avocat-bonnet.fr\/lyon-villeurbanne\/regimes-matrimoniaux-a-propos-des-depenses-de-logement\/#respond\"]}]},{\"@type\":\"WebPage\",\"@id\":\"https:\/\/www.avocat-bonnet.fr\/lyon-villeurbanne\/regimes-matrimoniaux-a-propos-des-depenses-de-logement\/\",\"url\":\"https:\/\/www.avocat-bonnet.fr\/lyon-villeurbanne\/regimes-matrimoniaux-a-propos-des-depenses-de-logement\/\",\"name\":\"REGIMES MATRIMONIAUX : \u00e0 propos des d\u00e9penses de logement - Nicolas Bonnet - Avocat Lyon et Villeurbanne, divorce, droit m\u00e9dical, travail, litiges de la consommation...\",\"isPartOf\":{\"@id\":\"https:\/\/www.avocat-bonnet.fr\/lyon-villeurbanne\/#website\"},\"primaryImageOfPage\":{\"@id\":\"https:\/\/www.avocat-bonnet.fr\/lyon-villeurbanne\/regimes-matrimoniaux-a-propos-des-depenses-de-logement\/#primaryimage\"},\"image\":{\"@id\":\"https:\/\/www.avocat-bonnet.fr\/lyon-villeurbanne\/regimes-matrimoniaux-a-propos-des-depenses-de-logement\/#primaryimage\"},\"thumbnailUrl\":\"https:\/\/www.avocat-bonnet.fr\/lyon-villeurbanne\/wp-content\/uploads\/2018\/06\/Defaut-image.jpg\",\"datePublished\":\"2013-09-13T14:57:47+00:00\",\"dateModified\":\"2013-09-13T14:57:47+00:00\",\"breadcrumb\":{\"@id\":\"https:\/\/www.avocat-bonnet.fr\/lyon-villeurbanne\/regimes-matrimoniaux-a-propos-des-depenses-de-logement\/#breadcrumb\"},\"inLanguage\":\"fr-FR\",\"potentialAction\":[{\"@type\":\"ReadAction\",\"target\":[\"https:\/\/www.avocat-bonnet.fr\/lyon-villeurbanne\/regimes-matrimoniaux-a-propos-des-depenses-de-logement\/\"]}]},{\"@type\":\"ImageObject\",\"inLanguage\":\"fr-FR\",\"@id\":\"https:\/\/www.avocat-bonnet.fr\/lyon-villeurbanne\/regimes-matrimoniaux-a-propos-des-depenses-de-logement\/#primaryimage\",\"url\":\"https:\/\/www.avocat-bonnet.fr\/lyon-villeurbanne\/wp-content\/uploads\/2018\/06\/Defaut-image.jpg\",\"contentUrl\":\"https:\/\/www.avocat-bonnet.fr\/lyon-villeurbanne\/wp-content\/uploads\/2018\/06\/Defaut-image.jpg\",\"width\":300,\"height\":200},{\"@type\":\"BreadcrumbList\",\"@id\":\"https:\/\/www.avocat-bonnet.fr\/lyon-villeurbanne\/regimes-matrimoniaux-a-propos-des-depenses-de-logement\/#breadcrumb\",\"itemListElement\":[{\"@type\":\"ListItem\",\"position\":1,\"name\":\"Accueil\",\"item\":\"https:\/\/www.avocat-bonnet.fr\/lyon-villeurbanne\/\"},{\"@type\":\"ListItem\",\"position\":2,\"name\":\"REGIMES MATRIMONIAUX : \u00e0 propos des d\u00e9penses de logement\"}]},{\"@type\":\"WebSite\",\"@id\":\"https:\/\/www.avocat-bonnet.fr\/lyon-villeurbanne\/#website\",\"url\":\"https:\/\/www.avocat-bonnet.fr\/lyon-villeurbanne\/\",\"name\":\"Nicolas Bonnet - Avocat Lyon et Villeurbanne, divorce, droit m\u00e9dical, travail, litiges de la consommation...\",\"description\":\"Un cabinet d&#039;avocat d\u00e9di\u00e9 au droit des particuliers, commer\u00e7ants et petites entreprises...\",\"publisher\":{\"@id\":\"https:\/\/www.avocat-bonnet.fr\/lyon-villeurbanne\/#\/schema\/person\/53ccc962871a33e31889adc918b8794d\"},\"potentialAction\":[{\"@type\":\"SearchAction\",\"target\":{\"@type\":\"EntryPoint\",\"urlTemplate\":\"https:\/\/www.avocat-bonnet.fr\/lyon-villeurbanne\/?s={search_term_string}\"},\"query-input\":\"required name=search_term_string\"}],\"inLanguage\":\"fr-FR\"},{\"@type\":[\"Person\",\"Organization\"],\"@id\":\"https:\/\/www.avocat-bonnet.fr\/lyon-villeurbanne\/#\/schema\/person\/53ccc962871a33e31889adc918b8794d\",\"name\":\"Nicolas Bonnet\",\"logo\":{\"@id\":\"https:\/\/www.avocat-bonnet.fr\/lyon-villeurbanne\/#\/schema\/person\/image\/\"},\"url\":\"https:\/\/www.avocat-bonnet.fr\/lyon-villeurbanne\/author\/nbonnet\/\"}]}<\/script>\n<!-- \/ Yoast SEO plugin. -->","yoast_head_json":{"title":"REGIMES MATRIMONIAUX : \u00e0 propos des d\u00e9penses de logement - Nicolas Bonnet - Avocat Lyon et Villeurbanne, divorce, droit m\u00e9dical, travail, litiges de la consommation...","robots":{"index":"index","follow":"follow","max-snippet":"max-snippet:-1","max-image-preview":"max-image-preview:large","max-video-preview":"max-video-preview:-1"},"canonical":"https:\/\/www.avocat-bonnet.fr\/lyon-villeurbanne\/regimes-matrimoniaux-a-propos-des-depenses-de-logement\/","og_locale":"fr_FR","og_type":"article","og_title":"REGIMES MATRIMONIAUX : \u00e0 propos des d\u00e9penses de logement - Nicolas Bonnet - Avocat Lyon et Villeurbanne, divorce, droit m\u00e9dical, travail, litiges de la consommation...","og_description":"Chacun des \u00e9poux doit contribuer aux charges du mariage &#8211; dont la principale est le logement -, en proportion de ses facult\u00e9s contributives. Ce principe imp\u00e9ratif ne saurait \u00eatre mis en \u00e9chec par le droit r\u00e9gissant les rapports patrimoniaux des \u00e9poux, r\u00e9gl\u00e9s par leur r\u00e9gime matrimonial ; c&rsquo;est en substance l&rsquo;enseignement que la Cour de [&hellip;]","og_url":"https:\/\/www.avocat-bonnet.fr\/lyon-villeurbanne\/regimes-matrimoniaux-a-propos-des-depenses-de-logement\/","og_site_name":"Nicolas Bonnet - Avocat Lyon et Villeurbanne, divorce, droit m\u00e9dical, travail, litiges de la consommation...","article_published_time":"2013-09-13T14:57:47+00:00","og_image":[{"width":300,"height":200,"url":"https:\/\/www.avocat-bonnet.fr\/lyon-villeurbanne\/wp-content\/uploads\/2018\/06\/Defaut-image.jpg","type":"image\/jpeg"}],"author":"Nicolas Bonnet","twitter_card":"summary_large_image","twitter_misc":{"\u00c9crit par":"Nicolas Bonnet","Dur\u00e9e de lecture estim\u00e9e":"1 minute"},"schema":{"@context":"https:\/\/schema.org","@graph":[{"@type":"Article","@id":"https:\/\/www.avocat-bonnet.fr\/lyon-villeurbanne\/regimes-matrimoniaux-a-propos-des-depenses-de-logement\/#article","isPartOf":{"@id":"https:\/\/www.avocat-bonnet.fr\/lyon-villeurbanne\/regimes-matrimoniaux-a-propos-des-depenses-de-logement\/"},"author":{"name":"Nicolas Bonnet","@id":"https:\/\/www.avocat-bonnet.fr\/lyon-villeurbanne\/#\/schema\/person\/53ccc962871a33e31889adc918b8794d"},"headline":"REGIMES MATRIMONIAUX : \u00e0 propos des d\u00e9penses de logement","datePublished":"2013-09-13T14:57:47+00:00","dateModified":"2013-09-13T14:57:47+00:00","mainEntityOfPage":{"@id":"https:\/\/www.avocat-bonnet.fr\/lyon-villeurbanne\/regimes-matrimoniaux-a-propos-des-depenses-de-logement\/"},"wordCount":266,"commentCount":0,"publisher":{"@id":"https:\/\/www.avocat-bonnet.fr\/lyon-villeurbanne\/#\/schema\/person\/53ccc962871a33e31889adc918b8794d"},"image":{"@id":"https:\/\/www.avocat-bonnet.fr\/lyon-villeurbanne\/regimes-matrimoniaux-a-propos-des-depenses-de-logement\/#primaryimage"},"thumbnailUrl":"https:\/\/www.avocat-bonnet.fr\/lyon-villeurbanne\/wp-content\/uploads\/2018\/06\/Defaut-image.jpg","keywords":["avocat Lyon","contribution aux charges du mariage","divorce"],"articleSection":["Les avocats"],"inLanguage":"fr-FR","potentialAction":[{"@type":"CommentAction","name":"Comment","target":["https:\/\/www.avocat-bonnet.fr\/lyon-villeurbanne\/regimes-matrimoniaux-a-propos-des-depenses-de-logement\/#respond"]}]},{"@type":"WebPage","@id":"https:\/\/www.avocat-bonnet.fr\/lyon-villeurbanne\/regimes-matrimoniaux-a-propos-des-depenses-de-logement\/","url":"https:\/\/www.avocat-bonnet.fr\/lyon-villeurbanne\/regimes-matrimoniaux-a-propos-des-depenses-de-logement\/","name":"REGIMES MATRIMONIAUX : \u00e0 propos des d\u00e9penses de logement - Nicolas Bonnet - Avocat Lyon et Villeurbanne, divorce, droit m\u00e9dical, travail, litiges de la consommation...","isPartOf":{"@id":"https:\/\/www.avocat-bonnet.fr\/lyon-villeurbanne\/#website"},"primaryImageOfPage":{"@id":"https:\/\/www.avocat-bonnet.fr\/lyon-villeurbanne\/regimes-matrimoniaux-a-propos-des-depenses-de-logement\/#primaryimage"},"image":{"@id":"https:\/\/www.avocat-bonnet.fr\/lyon-villeurbanne\/regimes-matrimoniaux-a-propos-des-depenses-de-logement\/#primaryimage"},"thumbnailUrl":"https:\/\/www.avocat-bonnet.fr\/lyon-villeurbanne\/wp-content\/uploads\/2018\/06\/Defaut-image.jpg","datePublished":"2013-09-13T14:57:47+00:00","dateModified":"2013-09-13T14:57:47+00:00","breadcrumb":{"@id":"https:\/\/www.avocat-bonnet.fr\/lyon-villeurbanne\/regimes-matrimoniaux-a-propos-des-depenses-de-logement\/#breadcrumb"},"inLanguage":"fr-FR","potentialAction":[{"@type":"ReadAction","target":["https:\/\/www.avocat-bonnet.fr\/lyon-villeurbanne\/regimes-matrimoniaux-a-propos-des-depenses-de-logement\/"]}]},{"@type":"ImageObject","inLanguage":"fr-FR","@id":"https:\/\/www.avocat-bonnet.fr\/lyon-villeurbanne\/regimes-matrimoniaux-a-propos-des-depenses-de-logement\/#primaryimage","url":"https:\/\/www.avocat-bonnet.fr\/lyon-villeurbanne\/wp-content\/uploads\/2018\/06\/Defaut-image.jpg","contentUrl":"https:\/\/www.avocat-bonnet.fr\/lyon-villeurbanne\/wp-content\/uploads\/2018\/06\/Defaut-image.jpg","width":300,"height":200},{"@type":"BreadcrumbList","@id":"https:\/\/www.avocat-bonnet.fr\/lyon-villeurbanne\/regimes-matrimoniaux-a-propos-des-depenses-de-logement\/#breadcrumb","itemListElement":[{"@type":"ListItem","position":1,"name":"Accueil","item":"https:\/\/www.avocat-bonnet.fr\/lyon-villeurbanne\/"},{"@type":"ListItem","position":2,"name":"REGIMES MATRIMONIAUX : \u00e0 propos des d\u00e9penses de logement"}]},{"@type":"WebSite","@id":"https:\/\/www.avocat-bonnet.fr\/lyon-villeurbanne\/#website","url":"https:\/\/www.avocat-bonnet.fr\/lyon-villeurbanne\/","name":"Nicolas Bonnet - Avocat Lyon et Villeurbanne, divorce, droit m\u00e9dical, travail, litiges de la consommation...","description":"Un cabinet d&#039;avocat d\u00e9di\u00e9 au droit des particuliers, commer\u00e7ants et petites entreprises...","publisher":{"@id":"https:\/\/www.avocat-bonnet.fr\/lyon-villeurbanne\/#\/schema\/person\/53ccc962871a33e31889adc918b8794d"},"potentialAction":[{"@type":"SearchAction","target":{"@type":"EntryPoint","urlTemplate":"https:\/\/www.avocat-bonnet.fr\/lyon-villeurbanne\/?s={search_term_string}"},"query-input":"required name=search_term_string"}],"inLanguage":"fr-FR"},{"@type":["Person","Organization"],"@id":"https:\/\/www.avocat-bonnet.fr\/lyon-villeurbanne\/#\/schema\/person\/53ccc962871a33e31889adc918b8794d","name":"Nicolas Bonnet","logo":{"@id":"https:\/\/www.avocat-bonnet.fr\/lyon-villeurbanne\/#\/schema\/person\/image\/"},"url":"https:\/\/www.avocat-bonnet.fr\/lyon-villeurbanne\/author\/nbonnet\/"}]}},"_links":{"self":[{"href":"https:\/\/www.avocat-bonnet.fr\/lyon-villeurbanne\/wp-json\/wp\/v2\/posts\/1079"}],"collection":[{"href":"https:\/\/www.avocat-bonnet.fr\/lyon-villeurbanne\/wp-json\/wp\/v2\/posts"}],"about":[{"href":"https:\/\/www.avocat-bonnet.fr\/lyon-villeurbanne\/wp-json\/wp\/v2\/types\/post"}],"author":[{"embeddable":true,"href":"https:\/\/www.avocat-bonnet.fr\/lyon-villeurbanne\/wp-json\/wp\/v2\/users\/4"}],"replies":[{"embeddable":true,"href":"https:\/\/www.avocat-bonnet.fr\/lyon-villeurbanne\/wp-json\/wp\/v2\/comments?post=1079"}],"version-history":[{"count":0,"href":"https:\/\/www.avocat-bonnet.fr\/lyon-villeurbanne\/wp-json\/wp\/v2\/posts\/1079\/revisions"}],"wp:featuredmedia":[{"embeddable":true,"href":"https:\/\/www.avocat-bonnet.fr\/lyon-villeurbanne\/wp-json\/wp\/v2\/media\/1562"}],"wp:attachment":[{"href":"https:\/\/www.avocat-bonnet.fr\/lyon-villeurbanne\/wp-json\/wp\/v2\/media?parent=1079"}],"wp:term":[{"taxonomy":"category","embeddable":true,"href":"https:\/\/www.avocat-bonnet.fr\/lyon-villeurbanne\/wp-json\/wp\/v2\/categories?post=1079"},{"taxonomy":"post_tag","embeddable":true,"href":"https:\/\/www.avocat-bonnet.fr\/lyon-villeurbanne\/wp-json\/wp\/v2\/tags?post=1079"}],"curies":[{"name":"wp","href":"https:\/\/api.w.org\/{rel}","templated":true}]}}