{"id":1018,"date":"2013-05-21T17:08:40","date_gmt":"2013-05-21T16:08:40","guid":{"rendered":"http:\/\/www.avocat-bonnet.fr\/lesite\/?p=1018"},"modified":"2013-05-21T17:08:40","modified_gmt":"2013-05-21T16:08:40","slug":"droit-du-travail-abus-de-son-pouvoir-de-direction-par-lemployeur","status":"publish","type":"post","link":"https:\/\/www.avocat-bonnet.fr\/lyon-villeurbanne\/droit-du-travail-abus-de-son-pouvoir-de-direction-par-lemployeur\/","title":{"rendered":"DROIT DU TRAVAIL : abus de son pouvoir de direction par l&#8217;employeur"},"content":{"rendered":"<p>Le pouvoir de direction de l&rsquo;entreprise dont est investi l&#8217;employeur comporte, sauf clause expresse du contrat de travail, les droits de fixer unilat\u00e9ralement les horaires de travail des salari\u00e9s et d&rsquo;affecter ceux-ci aux diff\u00e9rents postes dans l&rsquo;entreprise ; ces pouvoirs sont larges mais pas illimit\u00e9s et doivent \u00eatre motiv\u00e9s par les n\u00e9cessit\u00e9s de l&rsquo;entreprise.<br \/>\nDans un r\u00e9cent arr\u00eat, la chambre sociale de la cour d&rsquo;appel de Lyon a dit que l&#8217;employeur avait abus\u00e9 de son pouvoir de direction dans la fixation des horaires de travail du salari\u00e9 et, en cons\u00e9quence, dit que le licenciement de ce salari\u00e9 est d\u00e9pourvu de cause r\u00e9elle et s\u00e9rieuse, condamn\u00e9 l&#8217;employeur \u00e0 payer \u00e0 ce dernier la somme de 14.400 \u20ac \u00e0 titre d&rsquo;indemnit\u00e9, outre d&rsquo;ordonner le remboursement par cet employeur \u00e0 P\u00d4LE EMPLOI de six mois des indemnit\u00e9s ch\u00f4mage pay\u00e9es au salari\u00e9 licenci\u00e9.<br \/>\nLa cour d&rsquo;appel a pris notamment en consid\u00e9ration les contraintes familiales importantes de l&rsquo;int\u00e9ress\u00e9e &#8211; m\u00e8re s\u00e9par\u00e9e de trois enfants dont un atteint de troubles importants du comportement, elle-m\u00eame atteinte d&rsquo;une affection longue dur\u00e9e et sans famille \u00e0 proximit\u00e9 pour l&rsquo;aider -, la taille de l&rsquo;entreprise &#8211; douze salari\u00e9s &#8211; et l&rsquo;obligation qu&rsquo;a l&#8217;employeur <em>\u00ab\u00a0de traiter de mani\u00e8re diff\u00e9rente les salari\u00e9s en fonction de leurs charges familiales afin que l&rsquo;impact de l&rsquo;activit\u00e9 professionnelle sur la sph\u00e8re personnelle et familiale soit \u00e9quivalent pour tous\u00a0\u00bb<\/em>, pour estimer <em>\u00ab\u00a0qu&rsquo;en imposant \u00e0 X des horaires de travail incompatibles avec une situation familiale particuli\u00e8rement difficile, le g\u00e9rant de la S.A.R.L. Y a abus\u00e9 de son pouvoir de direction, que le refus de X de se conformer \u00e0 ces horaires n&rsquo;est donc pas fautif (et) que le licenciement fond\u00e9 sur ce refus est par cons\u00e9quent d\u00e9pourvu de cause r\u00e9elle et s\u00e9rieuse\u00a0\u00bb.<\/em> <em><strong>Lyon, ch. soc. 23 janvier 2013, n\u00b0<\/strong><\/em><strong> 12\/02204.<\/strong><\/p>\n<p>Nicolas Bonnet, avocat au barreau de Lyon.<\/p>\n","protected":false},"excerpt":{"rendered":"<p>Le pouvoir de direction de l&rsquo;entreprise dont est investi l&#8217;employeur comporte, sauf clause expresse du contrat de travail, les droits de fixer unilat\u00e9ralement les horaires de travail des salari\u00e9s et d&rsquo;affecter ceux-ci aux diff\u00e9rents postes dans l&rsquo;entreprise ; ces pouvoirs sont larges mais pas illimit\u00e9s et doivent \u00eatre motiv\u00e9s par les n\u00e9cessit\u00e9s de l&rsquo;entreprise. Dans [&hellip;]<\/p>\n","protected":false},"author":4,"featured_media":1562,"comment_status":"open","ping_status":"open","sticky":false,"template":"","format":"standard","meta":{"_et_pb_use_builder":"","_et_pb_old_content":"","_et_gb_content_width":"","footnotes":""},"categories":[4],"tags":[9,26],"yoast_head":"<!-- This site is optimized with the Yoast SEO plugin v22.3 - https:\/\/yoast.com\/wordpress\/plugins\/seo\/ -->\n<title>DROIT DU TRAVAIL : abus de son pouvoir de direction par l&#039;employeur - Nicolas Bonnet - Avocat Lyon et Villeurbanne, divorce, droit m\u00e9dical, travail, litiges de la consommation...<\/title>\n<meta name=\"robots\" content=\"index, follow, max-snippet:-1, max-image-preview:large, max-video-preview:-1\" \/>\n<link rel=\"canonical\" href=\"https:\/\/www.avocat-bonnet.fr\/lyon-villeurbanne\/droit-du-travail-abus-de-son-pouvoir-de-direction-par-lemployeur\/\" \/>\n<meta property=\"og:locale\" content=\"fr_FR\" \/>\n<meta property=\"og:type\" content=\"article\" \/>\n<meta property=\"og:title\" content=\"DROIT DU TRAVAIL : abus de son pouvoir de direction par l&#039;employeur - Nicolas Bonnet - Avocat Lyon et Villeurbanne, divorce, droit m\u00e9dical, travail, litiges de la consommation...\" \/>\n<meta property=\"og:description\" content=\"Le pouvoir de direction de l&rsquo;entreprise dont est investi l&#8217;employeur comporte, sauf clause expresse du contrat de travail, les droits de fixer unilat\u00e9ralement les horaires de travail des salari\u00e9s et d&rsquo;affecter ceux-ci aux diff\u00e9rents postes dans l&rsquo;entreprise ; ces pouvoirs sont larges mais pas illimit\u00e9s et doivent \u00eatre motiv\u00e9s par les n\u00e9cessit\u00e9s de l&rsquo;entreprise. Dans [&hellip;]\" \/>\n<meta property=\"og:url\" content=\"https:\/\/www.avocat-bonnet.fr\/lyon-villeurbanne\/droit-du-travail-abus-de-son-pouvoir-de-direction-par-lemployeur\/\" \/>\n<meta property=\"og:site_name\" content=\"Nicolas Bonnet - Avocat Lyon et Villeurbanne, divorce, droit m\u00e9dical, travail, litiges de la consommation...\" \/>\n<meta property=\"article:published_time\" content=\"2013-05-21T16:08:40+00:00\" \/>\n<meta property=\"og:image\" content=\"https:\/\/www.avocat-bonnet.fr\/lyon-villeurbanne\/wp-content\/uploads\/2018\/06\/Defaut-image.jpg\" \/>\n\t<meta property=\"og:image:width\" content=\"300\" \/>\n\t<meta property=\"og:image:height\" content=\"200\" \/>\n\t<meta property=\"og:image:type\" content=\"image\/jpeg\" \/>\n<meta name=\"author\" content=\"Nicolas Bonnet\" \/>\n<meta name=\"twitter:card\" content=\"summary_large_image\" \/>\n<meta name=\"twitter:label1\" content=\"\u00c9crit par\" \/>\n\t<meta name=\"twitter:data1\" content=\"Nicolas Bonnet\" \/>\n\t<meta name=\"twitter:label2\" content=\"Dur\u00e9e de lecture estim\u00e9e\" \/>\n\t<meta name=\"twitter:data2\" content=\"2 minutes\" \/>\n<script type=\"application\/ld+json\" class=\"yoast-schema-graph\">{\"@context\":\"https:\/\/schema.org\",\"@graph\":[{\"@type\":\"Article\",\"@id\":\"https:\/\/www.avocat-bonnet.fr\/lyon-villeurbanne\/droit-du-travail-abus-de-son-pouvoir-de-direction-par-lemployeur\/#article\",\"isPartOf\":{\"@id\":\"https:\/\/www.avocat-bonnet.fr\/lyon-villeurbanne\/droit-du-travail-abus-de-son-pouvoir-de-direction-par-lemployeur\/\"},\"author\":{\"name\":\"Nicolas Bonnet\",\"@id\":\"https:\/\/www.avocat-bonnet.fr\/lyon-villeurbanne\/#\/schema\/person\/53ccc962871a33e31889adc918b8794d\"},\"headline\":\"DROIT DU TRAVAIL : abus de son pouvoir de direction par l&#8217;employeur\",\"datePublished\":\"2013-05-21T16:08:40+00:00\",\"dateModified\":\"2013-05-21T16:08:40+00:00\",\"mainEntityOfPage\":{\"@id\":\"https:\/\/www.avocat-bonnet.fr\/lyon-villeurbanne\/droit-du-travail-abus-de-son-pouvoir-de-direction-par-lemployeur\/\"},\"wordCount\":359,\"commentCount\":1,\"publisher\":{\"@id\":\"https:\/\/www.avocat-bonnet.fr\/lyon-villeurbanne\/#\/schema\/person\/53ccc962871a33e31889adc918b8794d\"},\"image\":{\"@id\":\"https:\/\/www.avocat-bonnet.fr\/lyon-villeurbanne\/droit-du-travail-abus-de-son-pouvoir-de-direction-par-lemployeur\/#primaryimage\"},\"thumbnailUrl\":\"https:\/\/www.avocat-bonnet.fr\/lyon-villeurbanne\/wp-content\/uploads\/2018\/06\/Defaut-image.jpg\",\"keywords\":[\"avocat Lyon\",\"licenciement\"],\"articleSection\":[\"Les avocats\"],\"inLanguage\":\"fr-FR\",\"potentialAction\":[{\"@type\":\"CommentAction\",\"name\":\"Comment\",\"target\":[\"https:\/\/www.avocat-bonnet.fr\/lyon-villeurbanne\/droit-du-travail-abus-de-son-pouvoir-de-direction-par-lemployeur\/#respond\"]}]},{\"@type\":\"WebPage\",\"@id\":\"https:\/\/www.avocat-bonnet.fr\/lyon-villeurbanne\/droit-du-travail-abus-de-son-pouvoir-de-direction-par-lemployeur\/\",\"url\":\"https:\/\/www.avocat-bonnet.fr\/lyon-villeurbanne\/droit-du-travail-abus-de-son-pouvoir-de-direction-par-lemployeur\/\",\"name\":\"DROIT DU TRAVAIL : abus de son pouvoir de direction par l'employeur - Nicolas Bonnet - Avocat Lyon et Villeurbanne, divorce, droit m\u00e9dical, travail, litiges de la consommation...\",\"isPartOf\":{\"@id\":\"https:\/\/www.avocat-bonnet.fr\/lyon-villeurbanne\/#website\"},\"primaryImageOfPage\":{\"@id\":\"https:\/\/www.avocat-bonnet.fr\/lyon-villeurbanne\/droit-du-travail-abus-de-son-pouvoir-de-direction-par-lemployeur\/#primaryimage\"},\"image\":{\"@id\":\"https:\/\/www.avocat-bonnet.fr\/lyon-villeurbanne\/droit-du-travail-abus-de-son-pouvoir-de-direction-par-lemployeur\/#primaryimage\"},\"thumbnailUrl\":\"https:\/\/www.avocat-bonnet.fr\/lyon-villeurbanne\/wp-content\/uploads\/2018\/06\/Defaut-image.jpg\",\"datePublished\":\"2013-05-21T16:08:40+00:00\",\"dateModified\":\"2013-05-21T16:08:40+00:00\",\"breadcrumb\":{\"@id\":\"https:\/\/www.avocat-bonnet.fr\/lyon-villeurbanne\/droit-du-travail-abus-de-son-pouvoir-de-direction-par-lemployeur\/#breadcrumb\"},\"inLanguage\":\"fr-FR\",\"potentialAction\":[{\"@type\":\"ReadAction\",\"target\":[\"https:\/\/www.avocat-bonnet.fr\/lyon-villeurbanne\/droit-du-travail-abus-de-son-pouvoir-de-direction-par-lemployeur\/\"]}]},{\"@type\":\"ImageObject\",\"inLanguage\":\"fr-FR\",\"@id\":\"https:\/\/www.avocat-bonnet.fr\/lyon-villeurbanne\/droit-du-travail-abus-de-son-pouvoir-de-direction-par-lemployeur\/#primaryimage\",\"url\":\"https:\/\/www.avocat-bonnet.fr\/lyon-villeurbanne\/wp-content\/uploads\/2018\/06\/Defaut-image.jpg\",\"contentUrl\":\"https:\/\/www.avocat-bonnet.fr\/lyon-villeurbanne\/wp-content\/uploads\/2018\/06\/Defaut-image.jpg\",\"width\":300,\"height\":200},{\"@type\":\"BreadcrumbList\",\"@id\":\"https:\/\/www.avocat-bonnet.fr\/lyon-villeurbanne\/droit-du-travail-abus-de-son-pouvoir-de-direction-par-lemployeur\/#breadcrumb\",\"itemListElement\":[{\"@type\":\"ListItem\",\"position\":1,\"name\":\"Accueil\",\"item\":\"https:\/\/www.avocat-bonnet.fr\/lyon-villeurbanne\/\"},{\"@type\":\"ListItem\",\"position\":2,\"name\":\"DROIT DU TRAVAIL : abus de son pouvoir de direction par l&#8217;employeur\"}]},{\"@type\":\"WebSite\",\"@id\":\"https:\/\/www.avocat-bonnet.fr\/lyon-villeurbanne\/#website\",\"url\":\"https:\/\/www.avocat-bonnet.fr\/lyon-villeurbanne\/\",\"name\":\"Nicolas Bonnet - Avocat Lyon et Villeurbanne, divorce, droit m\u00e9dical, travail, litiges de la consommation...\",\"description\":\"Un cabinet d&#039;avocat d\u00e9di\u00e9 au droit des particuliers, commer\u00e7ants et petites entreprises...\",\"publisher\":{\"@id\":\"https:\/\/www.avocat-bonnet.fr\/lyon-villeurbanne\/#\/schema\/person\/53ccc962871a33e31889adc918b8794d\"},\"potentialAction\":[{\"@type\":\"SearchAction\",\"target\":{\"@type\":\"EntryPoint\",\"urlTemplate\":\"https:\/\/www.avocat-bonnet.fr\/lyon-villeurbanne\/?s={search_term_string}\"},\"query-input\":\"required name=search_term_string\"}],\"inLanguage\":\"fr-FR\"},{\"@type\":[\"Person\",\"Organization\"],\"@id\":\"https:\/\/www.avocat-bonnet.fr\/lyon-villeurbanne\/#\/schema\/person\/53ccc962871a33e31889adc918b8794d\",\"name\":\"Nicolas Bonnet\",\"logo\":{\"@id\":\"https:\/\/www.avocat-bonnet.fr\/lyon-villeurbanne\/#\/schema\/person\/image\/\"},\"url\":\"https:\/\/www.avocat-bonnet.fr\/lyon-villeurbanne\/author\/nbonnet\/\"}]}<\/script>\n<!-- \/ Yoast SEO plugin. -->","yoast_head_json":{"title":"DROIT DU TRAVAIL : abus de son pouvoir de direction par l'employeur - Nicolas Bonnet - Avocat Lyon et Villeurbanne, divorce, droit m\u00e9dical, travail, litiges de la consommation...","robots":{"index":"index","follow":"follow","max-snippet":"max-snippet:-1","max-image-preview":"max-image-preview:large","max-video-preview":"max-video-preview:-1"},"canonical":"https:\/\/www.avocat-bonnet.fr\/lyon-villeurbanne\/droit-du-travail-abus-de-son-pouvoir-de-direction-par-lemployeur\/","og_locale":"fr_FR","og_type":"article","og_title":"DROIT DU TRAVAIL : abus de son pouvoir de direction par l'employeur - Nicolas Bonnet - Avocat Lyon et Villeurbanne, divorce, droit m\u00e9dical, travail, litiges de la consommation...","og_description":"Le pouvoir de direction de l&rsquo;entreprise dont est investi l&#8217;employeur comporte, sauf clause expresse du contrat de travail, les droits de fixer unilat\u00e9ralement les horaires de travail des salari\u00e9s et d&rsquo;affecter ceux-ci aux diff\u00e9rents postes dans l&rsquo;entreprise ; ces pouvoirs sont larges mais pas illimit\u00e9s et doivent \u00eatre motiv\u00e9s par les n\u00e9cessit\u00e9s de l&rsquo;entreprise. Dans [&hellip;]","og_url":"https:\/\/www.avocat-bonnet.fr\/lyon-villeurbanne\/droit-du-travail-abus-de-son-pouvoir-de-direction-par-lemployeur\/","og_site_name":"Nicolas Bonnet - Avocat Lyon et Villeurbanne, divorce, droit m\u00e9dical, travail, litiges de la consommation...","article_published_time":"2013-05-21T16:08:40+00:00","og_image":[{"width":300,"height":200,"url":"https:\/\/www.avocat-bonnet.fr\/lyon-villeurbanne\/wp-content\/uploads\/2018\/06\/Defaut-image.jpg","type":"image\/jpeg"}],"author":"Nicolas Bonnet","twitter_card":"summary_large_image","twitter_misc":{"\u00c9crit par":"Nicolas Bonnet","Dur\u00e9e de lecture estim\u00e9e":"2 minutes"},"schema":{"@context":"https:\/\/schema.org","@graph":[{"@type":"Article","@id":"https:\/\/www.avocat-bonnet.fr\/lyon-villeurbanne\/droit-du-travail-abus-de-son-pouvoir-de-direction-par-lemployeur\/#article","isPartOf":{"@id":"https:\/\/www.avocat-bonnet.fr\/lyon-villeurbanne\/droit-du-travail-abus-de-son-pouvoir-de-direction-par-lemployeur\/"},"author":{"name":"Nicolas Bonnet","@id":"https:\/\/www.avocat-bonnet.fr\/lyon-villeurbanne\/#\/schema\/person\/53ccc962871a33e31889adc918b8794d"},"headline":"DROIT DU TRAVAIL : abus de son pouvoir de direction par l&#8217;employeur","datePublished":"2013-05-21T16:08:40+00:00","dateModified":"2013-05-21T16:08:40+00:00","mainEntityOfPage":{"@id":"https:\/\/www.avocat-bonnet.fr\/lyon-villeurbanne\/droit-du-travail-abus-de-son-pouvoir-de-direction-par-lemployeur\/"},"wordCount":359,"commentCount":1,"publisher":{"@id":"https:\/\/www.avocat-bonnet.fr\/lyon-villeurbanne\/#\/schema\/person\/53ccc962871a33e31889adc918b8794d"},"image":{"@id":"https:\/\/www.avocat-bonnet.fr\/lyon-villeurbanne\/droit-du-travail-abus-de-son-pouvoir-de-direction-par-lemployeur\/#primaryimage"},"thumbnailUrl":"https:\/\/www.avocat-bonnet.fr\/lyon-villeurbanne\/wp-content\/uploads\/2018\/06\/Defaut-image.jpg","keywords":["avocat Lyon","licenciement"],"articleSection":["Les avocats"],"inLanguage":"fr-FR","potentialAction":[{"@type":"CommentAction","name":"Comment","target":["https:\/\/www.avocat-bonnet.fr\/lyon-villeurbanne\/droit-du-travail-abus-de-son-pouvoir-de-direction-par-lemployeur\/#respond"]}]},{"@type":"WebPage","@id":"https:\/\/www.avocat-bonnet.fr\/lyon-villeurbanne\/droit-du-travail-abus-de-son-pouvoir-de-direction-par-lemployeur\/","url":"https:\/\/www.avocat-bonnet.fr\/lyon-villeurbanne\/droit-du-travail-abus-de-son-pouvoir-de-direction-par-lemployeur\/","name":"DROIT DU TRAVAIL : abus de son pouvoir de direction par l'employeur - Nicolas Bonnet - Avocat Lyon et Villeurbanne, divorce, droit m\u00e9dical, travail, litiges de la consommation...","isPartOf":{"@id":"https:\/\/www.avocat-bonnet.fr\/lyon-villeurbanne\/#website"},"primaryImageOfPage":{"@id":"https:\/\/www.avocat-bonnet.fr\/lyon-villeurbanne\/droit-du-travail-abus-de-son-pouvoir-de-direction-par-lemployeur\/#primaryimage"},"image":{"@id":"https:\/\/www.avocat-bonnet.fr\/lyon-villeurbanne\/droit-du-travail-abus-de-son-pouvoir-de-direction-par-lemployeur\/#primaryimage"},"thumbnailUrl":"https:\/\/www.avocat-bonnet.fr\/lyon-villeurbanne\/wp-content\/uploads\/2018\/06\/Defaut-image.jpg","datePublished":"2013-05-21T16:08:40+00:00","dateModified":"2013-05-21T16:08:40+00:00","breadcrumb":{"@id":"https:\/\/www.avocat-bonnet.fr\/lyon-villeurbanne\/droit-du-travail-abus-de-son-pouvoir-de-direction-par-lemployeur\/#breadcrumb"},"inLanguage":"fr-FR","potentialAction":[{"@type":"ReadAction","target":["https:\/\/www.avocat-bonnet.fr\/lyon-villeurbanne\/droit-du-travail-abus-de-son-pouvoir-de-direction-par-lemployeur\/"]}]},{"@type":"ImageObject","inLanguage":"fr-FR","@id":"https:\/\/www.avocat-bonnet.fr\/lyon-villeurbanne\/droit-du-travail-abus-de-son-pouvoir-de-direction-par-lemployeur\/#primaryimage","url":"https:\/\/www.avocat-bonnet.fr\/lyon-villeurbanne\/wp-content\/uploads\/2018\/06\/Defaut-image.jpg","contentUrl":"https:\/\/www.avocat-bonnet.fr\/lyon-villeurbanne\/wp-content\/uploads\/2018\/06\/Defaut-image.jpg","width":300,"height":200},{"@type":"BreadcrumbList","@id":"https:\/\/www.avocat-bonnet.fr\/lyon-villeurbanne\/droit-du-travail-abus-de-son-pouvoir-de-direction-par-lemployeur\/#breadcrumb","itemListElement":[{"@type":"ListItem","position":1,"name":"Accueil","item":"https:\/\/www.avocat-bonnet.fr\/lyon-villeurbanne\/"},{"@type":"ListItem","position":2,"name":"DROIT DU TRAVAIL : abus de son pouvoir de direction par l&#8217;employeur"}]},{"@type":"WebSite","@id":"https:\/\/www.avocat-bonnet.fr\/lyon-villeurbanne\/#website","url":"https:\/\/www.avocat-bonnet.fr\/lyon-villeurbanne\/","name":"Nicolas Bonnet - Avocat Lyon et Villeurbanne, divorce, droit m\u00e9dical, travail, litiges de la consommation...","description":"Un cabinet d&#039;avocat d\u00e9di\u00e9 au droit des particuliers, commer\u00e7ants et petites entreprises...","publisher":{"@id":"https:\/\/www.avocat-bonnet.fr\/lyon-villeurbanne\/#\/schema\/person\/53ccc962871a33e31889adc918b8794d"},"potentialAction":[{"@type":"SearchAction","target":{"@type":"EntryPoint","urlTemplate":"https:\/\/www.avocat-bonnet.fr\/lyon-villeurbanne\/?s={search_term_string}"},"query-input":"required name=search_term_string"}],"inLanguage":"fr-FR"},{"@type":["Person","Organization"],"@id":"https:\/\/www.avocat-bonnet.fr\/lyon-villeurbanne\/#\/schema\/person\/53ccc962871a33e31889adc918b8794d","name":"Nicolas Bonnet","logo":{"@id":"https:\/\/www.avocat-bonnet.fr\/lyon-villeurbanne\/#\/schema\/person\/image\/"},"url":"https:\/\/www.avocat-bonnet.fr\/lyon-villeurbanne\/author\/nbonnet\/"}]}},"_links":{"self":[{"href":"https:\/\/www.avocat-bonnet.fr\/lyon-villeurbanne\/wp-json\/wp\/v2\/posts\/1018"}],"collection":[{"href":"https:\/\/www.avocat-bonnet.fr\/lyon-villeurbanne\/wp-json\/wp\/v2\/posts"}],"about":[{"href":"https:\/\/www.avocat-bonnet.fr\/lyon-villeurbanne\/wp-json\/wp\/v2\/types\/post"}],"author":[{"embeddable":true,"href":"https:\/\/www.avocat-bonnet.fr\/lyon-villeurbanne\/wp-json\/wp\/v2\/users\/4"}],"replies":[{"embeddable":true,"href":"https:\/\/www.avocat-bonnet.fr\/lyon-villeurbanne\/wp-json\/wp\/v2\/comments?post=1018"}],"version-history":[{"count":0,"href":"https:\/\/www.avocat-bonnet.fr\/lyon-villeurbanne\/wp-json\/wp\/v2\/posts\/1018\/revisions"}],"wp:featuredmedia":[{"embeddable":true,"href":"https:\/\/www.avocat-bonnet.fr\/lyon-villeurbanne\/wp-json\/wp\/v2\/media\/1562"}],"wp:attachment":[{"href":"https:\/\/www.avocat-bonnet.fr\/lyon-villeurbanne\/wp-json\/wp\/v2\/media?parent=1018"}],"wp:term":[{"taxonomy":"category","embeddable":true,"href":"https:\/\/www.avocat-bonnet.fr\/lyon-villeurbanne\/wp-json\/wp\/v2\/categories?post=1018"},{"taxonomy":"post_tag","embeddable":true,"href":"https:\/\/www.avocat-bonnet.fr\/lyon-villeurbanne\/wp-json\/wp\/v2\/tags?post=1018"}],"curies":[{"name":"wp","href":"https:\/\/api.w.org\/{rel}","templated":true}]}}